{"id":37412,"date":"2023-12-02T12:15:11","date_gmt":"2023-12-02T15:15:11","guid":{"rendered":"http:\/\/jornaldeitaipava.com.br\/?p=37412"},"modified":"2023-12-02T12:15:44","modified_gmt":"2023-12-02T15:15:44","slug":"prefeitura-abre-oficialmente-natal-imperial-2023-veja-programacao-do-fim-de-semana","status":"publish","type":"post","link":"https:\/\/jornaldeitaipava.com.br\/index.php\/2023\/12\/02\/prefeitura-abre-oficialmente-natal-imperial-2023-veja-programacao-do-fim-de-semana\/","title":{"rendered":"Prefeitura abre oficialmente Natal Imperial 2023; veja programa\u00e7\u00e3o do fim de semana"},"content":{"rendered":"\n<p>Luzes e muita m\u00fasica marcaram a abertura do Natal Imperial 2023. O evento aconteceu na \u00faltima quinta-feira, 30, na Pra\u00e7a da Liberdade, e contou com o acendimento da ilumina\u00e7\u00e3o do Centro hist\u00f3rico, a fanfarra \u201cNoel e os Duendes, e a atra\u00e7\u00e3o principal da noite, o show da cantora Zizi Possi. O Natal Imperial \u00e9 realizado pela Prefeitura de Petr\u00f3polis e entidades parceiras e acontece na Pra\u00e7a da Liberdade e no Pal\u00e1cio de Cristal.<br>Em ato simb\u00f3lico, o prefeito Rubens Bomtempo entregou a chave da cidade ao Papai Noel, ao lado das crian\u00e7as que estavam no palco para abertura. \u201cTenho muito orgulho de ser petropolitano e de estar como prefeito. Nosso povo tem muita f\u00e9 e resiste a muitos desafios, que podemos venc\u00ea-los atrav\u00e9s da f\u00e9 da perseveran\u00e7a. E juntos, estamos construindo uma cidade mais inclusiva para todos\u201d, disse o prefeito Rubens Bomtempo, que destacou o programa Nosso Bairro como uma das principais a\u00e7\u00f5es do governo municipal neste ano.<br>Fazendo a alegria da crian\u00e7ada e das fam\u00edlias presentes na pra\u00e7a, os artistas da Dupla do Rio, como Papai e Mam\u00e3e Noel. \u201cPetr\u00f3polis \u00e9 uma cidade linda, maravilhosa, e esta \u00e9 uma \u00e9poca muito especial para n\u00f3s, temos expectativa muito boa e esperamos ansiosos o acendimento das luzes. Estou muito feliz de estar aqui presenciando isso\u201d, comentou Cl\u00e1udia Raybolt, 53 anos, ao lado da filha e das duas netas, Sofia e Manoela, que estavam no clima de anima\u00e7\u00e3o da festa.<br>A programa\u00e7\u00e3o conta ainda com a chegada do Papai Noel, no domingo (3), \u00e0s 14h30, na sede da Prefeitura (na Avenida Koeler, no Centro da Cidade), de onde a caravana seguir\u00e1 at\u00e9 o Pal\u00e1cio de Cristal para a inaugura\u00e7\u00e3o da Casa do Papai Noel. O Natal Imperial tamb\u00e9m conta com a Exposi\u00e7\u00e3o de Pres\u00e9pios da Educa\u00e7\u00e3o Infantil da Rede Municipal de Ensino, a Caravana da Coca &#8211; Cola, aul\u00e3o de esporte, corrida, bailes, oficinas e corais.<br>\u201cA programa\u00e7\u00e3o tamb\u00e9m est\u00e1 prestigiando nossos artistas petropolitanos, em uma grande festa com a cidade decorada e iluminada para receber os visitantes e moradores\u201d, comentou a secret\u00e1ria de Cultura, Diana Iliescu. A programa\u00e7\u00e3o est\u00e1 no Instagram da Prefeitura.<br>O Natal Imperial tamb\u00e9m \u00e9 um evento que movimenta o turismo na cidade. Zilda de Oliveira \u00e9 de Cabo Frio e veio a Petr\u00f3polis com duas amigas para ver o acendimento das luzes e o show da Zizi Possi. \u201cEstou sempre ligada nos eventos que acontecem na cidade. Sempre que tem alguma coisa que nos agrada, estamos aqui. E o Natal, em especial, j\u00e1 estivemos v\u00e1rias vezes. \u00c9 uma festa linda\u201d, disse a aposentada.<br>\u00c9der Carlos Ventura \u00e9 pipoqueiro da Pra\u00e7a da Liberdade h\u00e1 19 anos, e para ele, o Natal Imperial \u00e9 um dos eventos que mais movimenta o seu neg\u00f3cio. \u201cTodos os eventos que a prefeitura faz aqui na pra\u00e7a s\u00e3o muito bons para n\u00f3s, e o Natal Imperial \u00e9 um deles\u201d, disse.<br>\u201cPreparamos a cidade para que todos tenham \u00f3timas experi\u00eancias, que encantem e deixem boas recorda\u00e7\u00f5es\u201d, finalizou a secret\u00e1ria de Turismo, Silvia Guedon.<\/p>\n\n\n\n<p><strong>Confira a programa\u00e7\u00e3o do Natal Imperial 2023 deste fim de semana:<br><\/strong>02\/12 \u2013 S\u00e1bado<br>Pra\u00e7a da Liberdade<br>11h<br>Atra\u00e7\u00e3o Infantil: Oficinas de enfeites de Natal sustent\u00e1veis<\/p>\n\n\n\n<p>14h<br>Projeto do Morro: artes marciais e culturas<\/p>\n\n\n\n<p>20h30<br>11\u00ba Dia Nacional do Samba em Petr\u00f3polis | Homenagem ao Maestro Jib\u00f3ia<\/p>\n\n\n\n<p>21h<br>Night Run<\/p>\n\n\n\n<p>Pal\u00e1cio de Cristal<br>10h<br>Oficina de guirlandas com materiais naturais<\/p>\n\n\n\n<p>15h<br>Atra\u00e7\u00e3o Infantil: Hist\u00f3rias Encantadas<\/p>\n\n\n\n<p>18h<br>Fanfarra: Natal Instrumental<\/p>\n\n\n\n<p>20h<br>Show: Coral dos Sinos<\/p>\n\n\n\n<p>Lago do Sesc Quitandinha<br>16h<br>Liga de Natal<\/p>\n\n\n\n<p>03\/12 \u2013 Domingo<br>Pra\u00e7a da Liberdade<br>15h \u2013<br>Atra\u00e7\u00e3o Infantil: Malabaguita<\/p>\n\n\n\n<p>19h39<br>Baile Instrumental<\/p>\n\n\n\n<p>20h30<br>Caravana da Coca-Cola<\/p>\n\n\n\n<p>Pal\u00e1cio de Cristal<br>14h30<br>Chegada do Papai Noel \u2013 carreata da Sede da Prefeitura (na Avenida Koeler, no Centro da Cidade) at\u00e9 o Pal\u00e1cio de Cristal<\/p>\n\n\n\n<p>15h<br>Inaugura\u00e7\u00e3o da Casa do Papai Noel<\/p>\n\n\n\n<p>Pra\u00e7a da Liberdade<br>16h<br>Atra\u00e7\u00e3o Infantil: Criando Asas<\/p>\n\n\n\n<p>19h<br>Espet\u00e1culo de Dan\u00e7a: Su\u00edte Quebra Nozes (Studio DNA)<\/p>\n\n\n\n<p>19h30<br>Fanfarra: Noel e os Duendes<\/p>\n\n\n\n<p>Capela da Escola Dom\u00e9stica de Nossa Senhora do Amparo<br>10h30<br>Coral dos Anjos<\/p>\n","protected":false},"excerpt":{"rendered":"<p>Luzes e muita m\u00fasica marcaram a abertura do Natal Imperial 2023. O evento aconteceu na<\/p>\n","protected":false},"author":1,"featured_media":37413,"comment_status":"closed","ping_status":"open","sticky":false,"template":"","format":"standard","meta":{"spay_email":"","footnotes":"","jetpack_publicize_message":""},"categories":[42],"tags":[],"jetpack_featured_media_url":"https:\/\/i1.wp.com\/jornaldeitaipava.com.br\/wp-content\/uploads\/2023\/12\/WhatsApp-Image-2023-12-01-at-16.28.08.jpeg?fit=1280%2C720&ssl=1","jetpack_publicize_connections":[],"jetpack_sharing_enabled":true,"jetpack_likes_enabled":true,"jetpack-related-posts":[],"_links":{"self":[{"href":"https:\/\/jornaldeitaipava.com.br\/index.php\/wp-json\/wp\/v2\/posts\/37412"}],"collection":[{"href":"https:\/\/jornaldeitaipava.com.br\/index.php\/wp-json\/wp\/v2\/posts"}],"about":[{"href":"https:\/\/jornaldeitaipava.com.br\/index.php\/wp-json\/wp\/v2\/types\/post"}],"author":[{"embeddable":true,"href":"https:\/\/jornaldeitaipava.com.br\/index.php\/wp-json\/wp\/v2\/users\/1"}],"replies":[{"embeddable":true,"href":"https:\/\/jornaldeitaipava.com.br\/index.php\/wp-json\/wp\/v2\/comments?post=37412"}],"version-history":[{"count":1,"href":"https:\/\/jornaldeitaipava.com.br\/index.php\/wp-json\/wp\/v2\/posts\/37412\/revisions"}],"predecessor-version":[{"id":37414,"href":"https:\/\/jornaldeitaipava.com.br\/index.php\/wp-json\/wp\/v2\/posts\/37412\/revisions\/37414"}],"wp:featuredmedia":[{"embeddable":true,"href":"https:\/\/jornaldeitaipava.com.br\/index.php\/wp-json\/wp\/v2\/media\/37413"}],"wp:attachment":[{"href":"https:\/\/jornaldeitaipava.com.br\/index.php\/wp-json\/wp\/v2\/media?parent=37412"}],"wp:term":[{"taxonomy":"category","embeddable":true,"href":"https:\/\/jornaldeitaipava.com.br\/index.php\/wp-json\/wp\/v2\/categories?post=37412"},{"taxonomy":"post_tag","embeddable":true,"href":"https:\/\/jornaldeitaipava.com.br\/index.php\/wp-json\/wp\/v2\/tags?post=37412"}],"curies":[{"name":"wp","href":"https:\/\/api.w.org\/{rel}","templated":true}]}}