{"id":37415,"date":"2023-12-02T12:16:49","date_gmt":"2023-12-02T15:16:49","guid":{"rendered":"http:\/\/jornaldeitaipava.com.br\/?p=37415"},"modified":"2023-12-02T12:16:52","modified_gmt":"2023-12-02T15:16:52","slug":"pre-matricula-para-a-eja-tambem-pode-ser-feita-nas-unidades-escolares","status":"publish","type":"post","link":"https:\/\/jornaldeitaipava.com.br\/index.php\/2023\/12\/02\/pre-matricula-para-a-eja-tambem-pode-ser-feita-nas-unidades-escolares\/","title":{"rendered":"Pr\u00e9-matr\u00edcula para a EJA tamb\u00e9m pode ser feita nas unidades escolares"},"content":{"rendered":"\n<p>Quem n\u00e3o fez a pr\u00e9-matr\u00edcula online para alunos e alunas da rede municipal e deseja ingressar na Educa\u00e7\u00e3o de Jovens e Adultos (EJA), pode fazer a inscri\u00e7\u00e3o diretamente nas unidades escolares. O prazo para o cadastro come\u00e7a nesta sexta-feira (1) e vai at\u00e9 15 de dezembro.<\/p>\n\n\n\n<p><strong>Confira as unidades escolares que contam com a EJA:<br><\/strong>E.M. Bataillard<br>E.M. Governador Marcello Alencar<br>Liceu Municipal Prefeito Cordolino Ambr\u00f3sio<br>Liceu Municipal Carlos Chagas<br>E.M. Rosemira de Oliveira Cavalcanti<br>E.M. Geraldo Ventura Dias<br>E.M. Prefeito Jamil Sabr\u00e1<br>E.M. Monsenhor Jo\u00e3o de Deus Rodrigues<br>E.M, Johann Noel<br>E.M. Professora Maria Campos da Silva<br>E. Municipalizada Herc\u00edlia Henriques Moret<br>E. Municipalizada Moys\u00e9s Furtado Bravo<br>Casa da Educa\u00e7\u00e3o Visconde de Mau\u00e1<br>E. Paroquial S\u00e3o Pedro de Alc\u00e2ntara<\/p>\n","protected":false},"excerpt":{"rendered":"<p>Quem n\u00e3o fez a pr\u00e9-matr\u00edcula online para alunos e alunas da rede municipal e deseja<\/p>\n","protected":false},"author":1,"featured_media":12896,"comment_status":"closed","ping_status":"open","sticky":false,"template":"","format":"standard","meta":{"spay_email":"","footnotes":"","jetpack_publicize_message":""},"categories":[2],"tags":[],"jetpack_featured_media_url":"https:\/\/i0.wp.com\/jornaldeitaipava.com.br\/wp-content\/uploads\/2021\/04\/educa-sala-vazia-1.jpg?fit=546%2C294&ssl=1","jetpack_publicize_connections":[],"jetpack_sharing_enabled":true,"jetpack_likes_enabled":true,"jetpack-related-posts":[],"_links":{"self":[{"href":"https:\/\/jornaldeitaipava.com.br\/index.php\/wp-json\/wp\/v2\/posts\/37415"}],"collection":[{"href":"https:\/\/jornaldeitaipava.com.br\/index.php\/wp-json\/wp\/v2\/posts"}],"about":[{"href":"https:\/\/jornaldeitaipava.com.br\/index.php\/wp-json\/wp\/v2\/types\/post"}],"author":[{"embeddable":true,"href":"https:\/\/jornaldeitaipava.com.br\/index.php\/wp-json\/wp\/v2\/users\/1"}],"replies":[{"embeddable":true,"href":"https:\/\/jornaldeitaipava.com.br\/index.php\/wp-json\/wp\/v2\/comments?post=37415"}],"version-history":[{"count":1,"href":"https:\/\/jornaldeitaipava.com.br\/index.php\/wp-json\/wp\/v2\/posts\/37415\/revisions"}],"predecessor-version":[{"id":37416,"href":"https:\/\/jornaldeitaipava.com.br\/index.php\/wp-json\/wp\/v2\/posts\/37415\/revisions\/37416"}],"wp:featuredmedia":[{"embeddable":true,"href":"https:\/\/jornaldeitaipava.com.br\/index.php\/wp-json\/wp\/v2\/media\/12896"}],"wp:attachment":[{"href":"https:\/\/jornaldeitaipava.com.br\/index.php\/wp-json\/wp\/v2\/media?parent=37415"}],"wp:term":[{"taxonomy":"category","embeddable":true,"href":"https:\/\/jornaldeitaipava.com.br\/index.php\/wp-json\/wp\/v2\/categories?post=37415"},{"taxonomy":"post_tag","embeddable":true,"href":"https:\/\/jornaldeitaipava.com.br\/index.php\/wp-json\/wp\/v2\/tags?post=37415"}],"curies":[{"name":"wp","href":"https:\/\/api.w.org\/{rel}","templated":true}]}}