{"id":37417,"date":"2023-12-02T12:20:45","date_gmt":"2023-12-02T15:20:45","guid":{"rendered":"http:\/\/jornaldeitaipava.com.br\/?p=37417"},"modified":"2023-12-02T12:20:47","modified_gmt":"2023-12-02T15:20:47","slug":"natal-programacao-especial-do-sesc-na-rua-teresa","status":"publish","type":"post","link":"https:\/\/jornaldeitaipava.com.br\/index.php\/2023\/12\/02\/natal-programacao-especial-do-sesc-na-rua-teresa\/","title":{"rendered":"Natal: programa\u00e7\u00e3o especial do Sesc na Rua Teresa"},"content":{"rendered":"\n<p><strong>A dica da ARTE \u00e9 aproveitar a visita no maior polo de modas de Petr\u00f3polis e garantir os presentes<\/strong><\/p>\n\n\n\n<p><br>Para fomentar ainda mais o clima natalino, o Sesc RJ vai promover interven\u00e7\u00f5es culturais ao longo da Rua Teresa neste m\u00eas de dezembro. A programa\u00e7\u00e3o \u00e9 direcionada para todos os p\u00fablicos e \u00e9 gratuita. Al\u00e9m disso, a Rua entrou no clima natalino: a decora\u00e7\u00e3o encanta os visitantes.<br>\u201cAgradecemos ao Sesc pelo apoio. Neste per\u00edodo t\u00e3o importante para as vendas no com\u00e9rcio, os eventos prometem atrair ainda mais visitantes para o maior polo de vendas de moda de Petr\u00f3polis\u201d, afirma a presidente da Associa\u00e7\u00e3o da Rua Teresa, Denise Fiorini.<br>Vale destacar que atrav\u00e9s da parceria entre ARTE e Sesc, 50 elementos natalinos tamb\u00e9m foram colocados nos postes da Rua e uma pe\u00e7a instagram\u00e1vel est\u00e1 \u00e0 disposi\u00e7\u00e3o dos visitantes para eternizar a lembran\u00e7a do Natal 2023.<\/p>\n\n\n\n<p><strong>Confira a programa\u00e7\u00e3o:<br><\/strong>01\/12 &#8211; 13h &#8211; Cortejo Brincante (teatro)<br>02\/12 &#8211; 11h \u00e0s 13h &#8211; Poesia de Auto Falante (apresenta\u00e7\u00e3o liter\u00e1ria)<br>02\/12 &#8211; 13h &#8211; Churumellos Circus (circo)<br>02\/12 &#8211; 15h &#8211; Coral Sesc (Rua Teresa, 163, loja 32 \/ Maria Antonio)<br>08\/12 &#8211; 13h &#8211; Fanfarrinha (M\u00fasica)<br>09\/12 &#8211; 13h &#8211; Noel e os Duendes (M\u00fasica)<br>09\/12 &#8211; 15h &#8211; Coral Sesc (Rua Aureliano Coutinho, 94, Walery)<br>15\/12 &#8211; 11h \u00e0s 13h &#8211; Caixa Po\u00e9tica &#8211; O Menino e Rio (Literatura)<br>15\/12 &#8211; 13h &#8211; Cortejo Alto de Natal (Circo)<br>16\/12 &#8211; 13h &#8211; Cortejo Brincante &#8211; Au\u00ea da Gra\u00e7a (Circo)<\/p>\n\n\n\n<p><strong>Moda<br><\/strong>As lojas da Rua Teresa est\u00e3o enfeitadas e com pe\u00e7as imperd\u00edveis para quem j\u00e1 est\u00e1 em busca dos presentes e tamb\u00e9m do look das festas do final do ano. A dica para petropolitanos e visitantes \u00e9 conferir as informa\u00e7\u00f5es de funcionamento da Rua no Instagram oficial da ARTE (@ruateresaoficial) e nas p\u00e1ginas das pr\u00f3prias marcas.<\/p>\n","protected":false},"excerpt":{"rendered":"<p>A dica da ARTE \u00e9 aproveitar a visita no maior polo de modas de Petr\u00f3polis<\/p>\n","protected":false},"author":1,"featured_media":37418,"comment_status":"closed","ping_status":"open","sticky":false,"template":"","format":"standard","meta":{"spay_email":"","footnotes":"","jetpack_publicize_message":""},"categories":[42],"tags":[],"jetpack_featured_media_url":"https:\/\/i2.wp.com\/jornaldeitaipava.com.br\/wp-content\/uploads\/2023\/12\/natal-rua-teresa.png?fit=591%2C386&ssl=1","jetpack_publicize_connections":[],"jetpack_sharing_enabled":true,"jetpack_likes_enabled":true,"jetpack-related-posts":[],"_links":{"self":[{"href":"https:\/\/jornaldeitaipava.com.br\/index.php\/wp-json\/wp\/v2\/posts\/37417"}],"collection":[{"href":"https:\/\/jornaldeitaipava.com.br\/index.php\/wp-json\/wp\/v2\/posts"}],"about":[{"href":"https:\/\/jornaldeitaipava.com.br\/index.php\/wp-json\/wp\/v2\/types\/post"}],"author":[{"embeddable":true,"href":"https:\/\/jornaldeitaipava.com.br\/index.php\/wp-json\/wp\/v2\/users\/1"}],"replies":[{"embeddable":true,"href":"https:\/\/jornaldeitaipava.com.br\/index.php\/wp-json\/wp\/v2\/comments?post=37417"}],"version-history":[{"count":1,"href":"https:\/\/jornaldeitaipava.com.br\/index.php\/wp-json\/wp\/v2\/posts\/37417\/revisions"}],"predecessor-version":[{"id":37419,"href":"https:\/\/jornaldeitaipava.com.br\/index.php\/wp-json\/wp\/v2\/posts\/37417\/revisions\/37419"}],"wp:featuredmedia":[{"embeddable":true,"href":"https:\/\/jornaldeitaipava.com.br\/index.php\/wp-json\/wp\/v2\/media\/37418"}],"wp:attachment":[{"href":"https:\/\/jornaldeitaipava.com.br\/index.php\/wp-json\/wp\/v2\/media?parent=37417"}],"wp:term":[{"taxonomy":"category","embeddable":true,"href":"https:\/\/jornaldeitaipava.com.br\/index.php\/wp-json\/wp\/v2\/categories?post=37417"},{"taxonomy":"post_tag","embeddable":true,"href":"https:\/\/jornaldeitaipava.com.br\/index.php\/wp-json\/wp\/v2\/tags?post=37417"}],"curies":[{"name":"wp","href":"https:\/\/api.w.org\/{rel}","templated":true}]}}