{"id":37420,"date":"2023-12-02T12:21:37","date_gmt":"2023-12-02T15:21:37","guid":{"rendered":"http:\/\/jornaldeitaipava.com.br\/?p=37420"},"modified":"2023-12-02T12:21:39","modified_gmt":"2023-12-02T15:21:39","slug":"projeto-institui-em-petropolis-o-dia-municipal-de-enfrentamento-ao-racismo-ambiental","status":"publish","type":"post","link":"https:\/\/jornaldeitaipava.com.br\/index.php\/2023\/12\/02\/projeto-institui-em-petropolis-o-dia-municipal-de-enfrentamento-ao-racismo-ambiental\/","title":{"rendered":"Projeto institui em Petr\u00f3polis o Dia Municipal de Enfrentamento ao Racismo Ambiental"},"content":{"rendered":"\n<p>A C\u00e2mara Municipal aprovou na \u00faltima semana, durante sess\u00e3o plen\u00e1ria, Projeto de Lei da vereadora J\u00falia Casamasso (Coletiva Feminista Popular) que institui no calend\u00e1rio oficial de eventos do munic\u00edpio o \u201cDia Municipal de Enfrentamento ao Racismo Ambiental\u201d. A data ser\u00e1 20 de mar\u00e7o, lembrando a maior trag\u00e9dia socioambiental j\u00e1 registrada na cidade.<br>O projeto foi constru\u00eddo em parceria com a Pamela M\u00e9rcia, fundadora da organiza\u00e7\u00e3o TJNS (Todos Juntos Ningu\u00e9m Sozinho) e busca promover a conscientiza\u00e7\u00e3o sobre o tema e provocar a reflex\u00e3o sobre a necessidade mudan\u00e7as que permitam repara\u00e7\u00e3o \u00e0queles que, historicamente, foram discriminados e hoje habitam as \u00e1reas de risco. A vereadora explica que o racismo ambiental \u00e9 uma forma de desigualdade que destina os \u00f4nus da degrada\u00e7\u00e3o ambiental e das mudan\u00e7as advindas das emerg\u00eancias clim\u00e1ticas a determinados grupos.<br>&#8220;A injusti\u00e7a socioambiental \u00e9 historicamente segregat\u00f3ria e afeta diretamente o acesso \u00e0 seguran\u00e7a, \u00e0 educa\u00e7\u00e3o, \u00e0 sa\u00fade, \u00e0 servi\u00e7os p\u00fablicos de qualidade, o que leva a um ciclo vicioso de desvantagem social e econ\u00f4mica daqueles que habitam em lugares de risco. Indicadores sociais revelam que as \u00e1reas de maior risco ambiental s\u00e3o habitadas em sua maioria por uma popula\u00e7\u00e3o negra, de baixa renda, assim como \u00e9 alto o \u00edndice de domic\u00edlios chefiados por mulheres negras&#8221;, citou J\u00falia Casamasso.<br>O Projeto de Lei, agora, ser\u00e1 encaminhado ao Poder Executivo.<\/p>\n","protected":false},"excerpt":{"rendered":"<p>A C\u00e2mara Municipal aprovou na \u00faltima semana, durante sess\u00e3o plen\u00e1ria, Projeto de Lei da vereadora<\/p>\n","protected":false},"author":1,"featured_media":37310,"comment_status":"closed","ping_status":"open","sticky":false,"template":"","format":"standard","meta":{"spay_email":"","footnotes":"","jetpack_publicize_message":""},"categories":[2],"tags":[],"jetpack_featured_media_url":"https:\/\/i1.wp.com\/jornaldeitaipava.com.br\/wp-content\/uploads\/2023\/11\/julia.jpeg?fit=1600%2C1066&ssl=1","jetpack_publicize_connections":[],"jetpack_sharing_enabled":true,"jetpack_likes_enabled":true,"jetpack-related-posts":[],"_links":{"self":[{"href":"https:\/\/jornaldeitaipava.com.br\/index.php\/wp-json\/wp\/v2\/posts\/37420"}],"collection":[{"href":"https:\/\/jornaldeitaipava.com.br\/index.php\/wp-json\/wp\/v2\/posts"}],"about":[{"href":"https:\/\/jornaldeitaipava.com.br\/index.php\/wp-json\/wp\/v2\/types\/post"}],"author":[{"embeddable":true,"href":"https:\/\/jornaldeitaipava.com.br\/index.php\/wp-json\/wp\/v2\/users\/1"}],"replies":[{"embeddable":true,"href":"https:\/\/jornaldeitaipava.com.br\/index.php\/wp-json\/wp\/v2\/comments?post=37420"}],"version-history":[{"count":1,"href":"https:\/\/jornaldeitaipava.com.br\/index.php\/wp-json\/wp\/v2\/posts\/37420\/revisions"}],"predecessor-version":[{"id":37421,"href":"https:\/\/jornaldeitaipava.com.br\/index.php\/wp-json\/wp\/v2\/posts\/37420\/revisions\/37421"}],"wp:featuredmedia":[{"embeddable":true,"href":"https:\/\/jornaldeitaipava.com.br\/index.php\/wp-json\/wp\/v2\/media\/37310"}],"wp:attachment":[{"href":"https:\/\/jornaldeitaipava.com.br\/index.php\/wp-json\/wp\/v2\/media?parent=37420"}],"wp:term":[{"taxonomy":"category","embeddable":true,"href":"https:\/\/jornaldeitaipava.com.br\/index.php\/wp-json\/wp\/v2\/categories?post=37420"},{"taxonomy":"post_tag","embeddable":true,"href":"https:\/\/jornaldeitaipava.com.br\/index.php\/wp-json\/wp\/v2\/tags?post=37420"}],"curies":[{"name":"wp","href":"https:\/\/api.w.org\/{rel}","templated":true}]}}