{"id":37425,"date":"2023-12-02T12:25:42","date_gmt":"2023-12-02T15:25:42","guid":{"rendered":"http:\/\/jornaldeitaipava.com.br\/?p=37425"},"modified":"2023-12-02T12:25:43","modified_gmt":"2023-12-02T15:25:43","slug":"clinica-da-dor-carteirinha-e-simbolo-nas-placas-para-atendimento-de-pessoas-com-fibromialgia","status":"publish","type":"post","link":"https:\/\/jornaldeitaipava.com.br\/index.php\/2023\/12\/02\/clinica-da-dor-carteirinha-e-simbolo-nas-placas-para-atendimento-de-pessoas-com-fibromialgia\/","title":{"rendered":"Cl\u00ednica da dor, carteirinha e s\u00edmbolo nas placas para atendimento de pessoas com fibromialgia"},"content":{"rendered":"\n<p>Pacientes fibromi\u00e1lgicos de Petr\u00f3polis j\u00e1 podem contar com a carteira de identifica\u00e7\u00e3o que garante a prioridade no atendimento em estabelecimentos comerciais, estacionamentos e \u00f3rg\u00e3os p\u00fablicos. A Lei, de autoria do Vereador Eduardo do Blog, foi promulgada em novembro pela C\u00e2mara Municipal e determina que o documento seja expedido pela Prefeitura em um prazo de 30 dias, prorrog\u00e1veis por mais 15 em caso de justificada necessidade.<br>Al\u00e9m disso, o Vereador tamb\u00e9m aprovou neste m\u00eas na Casa Legislativa, a Lei 8.131\/2021 que aguarda san\u00e7\u00e3o do Executivo e busca beneficiar os pacientes, tornando obrigat\u00f3ria a inclus\u00e3o do s\u00edmbolo mundial da fibromialgia em placas ou avisos de atendimento priorit\u00e1rio, como j\u00e1 ocorre com gestantes, idosos e pessoas com autismo (esta \u00faltima tamb\u00e9m de iniciativa do Vereador, j\u00e1 colocada em pr\u00e1tica nos estabelecimentos e transportes p\u00fablicos da cidade).<br>&#8220;<em>A fibromialgia, apesar de prejudicar muito a vida das pessoas que com ela convivem, n\u00e3o \u00e9 vis\u00edvel aos olhos, o que pode dificultar o exerc\u00edcio dos direitos pelas pessoas que convivem com a doen\u00e7a. A aprova\u00e7\u00e3o desta Lei \u00e9 um passo no campo das pol\u00edticas p\u00fablicas que garantam plena inclus\u00e3o aos fibromi\u00e1lgicos&#8221;<\/em>, disse Eduardo do Blog.<br>Recentemente, o Vereador tamb\u00e9m pediu a implanta\u00e7\u00e3o em Petr\u00f3polis de um &#8220;Centro de Tratamento da Dor&#8221; para atender, n\u00e3o s\u00f3 fibromi\u00e1lgicos, mas tamb\u00e9m demais pacientes que sofrem com dores cr\u00f4nicas de outras naturezas, oferecendo profissionais especialistas em diversas \u00e1reas de atua\u00e7\u00e3o, desde m\u00e9dicos e acupunturistas at\u00e9 psic\u00f3logos e farmac\u00eauticos. O requerimento foi protocolado junto ao Congresso Nacional.<br>&#8220;<em>Este requerimento visa quem sofre com dores extremamente angustiantes, que prejudicam diretamente o dia a dia dos indiv\u00edduos. Sabemos que a demanda para este tipo de tratamento n\u00e3o \u00e9 baixa em Petr\u00f3polis, por isso, espero encontrar amparo na nossa C\u00e2mara Federal para o projeto&#8221;<\/em>, finalizou o Vereador.<\/p>\n","protected":false},"excerpt":{"rendered":"<p>Pacientes fibromi\u00e1lgicos de Petr\u00f3polis j\u00e1 podem contar com a carteira de identifica\u00e7\u00e3o que garante a<\/p>\n","protected":false},"author":1,"featured_media":37426,"comment_status":"closed","ping_status":"open","sticky":false,"template":"","format":"standard","meta":{"spay_email":"","footnotes":"","jetpack_publicize_message":""},"categories":[2],"tags":[],"jetpack_featured_media_url":"https:\/\/i0.wp.com\/jornaldeitaipava.com.br\/wp-content\/uploads\/2023\/12\/WhatsApp-Image-2023-11-10-at-11.48.11.jpeg?fit=1600%2C1200&ssl=1","jetpack_publicize_connections":[],"jetpack_sharing_enabled":true,"jetpack_likes_enabled":true,"jetpack-related-posts":[],"_links":{"self":[{"href":"https:\/\/jornaldeitaipava.com.br\/index.php\/wp-json\/wp\/v2\/posts\/37425"}],"collection":[{"href":"https:\/\/jornaldeitaipava.com.br\/index.php\/wp-json\/wp\/v2\/posts"}],"about":[{"href":"https:\/\/jornaldeitaipava.com.br\/index.php\/wp-json\/wp\/v2\/types\/post"}],"author":[{"embeddable":true,"href":"https:\/\/jornaldeitaipava.com.br\/index.php\/wp-json\/wp\/v2\/users\/1"}],"replies":[{"embeddable":true,"href":"https:\/\/jornaldeitaipava.com.br\/index.php\/wp-json\/wp\/v2\/comments?post=37425"}],"version-history":[{"count":1,"href":"https:\/\/jornaldeitaipava.com.br\/index.php\/wp-json\/wp\/v2\/posts\/37425\/revisions"}],"predecessor-version":[{"id":37427,"href":"https:\/\/jornaldeitaipava.com.br\/index.php\/wp-json\/wp\/v2\/posts\/37425\/revisions\/37427"}],"wp:featuredmedia":[{"embeddable":true,"href":"https:\/\/jornaldeitaipava.com.br\/index.php\/wp-json\/wp\/v2\/media\/37426"}],"wp:attachment":[{"href":"https:\/\/jornaldeitaipava.com.br\/index.php\/wp-json\/wp\/v2\/media?parent=37425"}],"wp:term":[{"taxonomy":"category","embeddable":true,"href":"https:\/\/jornaldeitaipava.com.br\/index.php\/wp-json\/wp\/v2\/categories?post=37425"},{"taxonomy":"post_tag","embeddable":true,"href":"https:\/\/jornaldeitaipava.com.br\/index.php\/wp-json\/wp\/v2\/tags?post=37425"}],"curies":[{"name":"wp","href":"https:\/\/api.w.org\/{rel}","templated":true}]}}