{"id":37435,"date":"2023-12-03T12:42:06","date_gmt":"2023-12-03T15:42:06","guid":{"rendered":"http:\/\/jornaldeitaipava.com.br\/?p=37435"},"modified":"2023-12-03T12:42:08","modified_gmt":"2023-12-03T15:42:08","slug":"bramil-confirma-inauguracao-do-novo-hiper-paraiba-do-sul-e-ampliacao-da-loja-matriz-em-tres-rios-para-este-mes","status":"publish","type":"post","link":"https:\/\/jornaldeitaipava.com.br\/index.php\/2023\/12\/03\/bramil-confirma-inauguracao-do-novo-hiper-paraiba-do-sul-e-ampliacao-da-loja-matriz-em-tres-rios-para-este-mes\/","title":{"rendered":"Bramil confirma inaugura\u00e7\u00e3o do novo Hiper Para\u00edba do Sul e amplia\u00e7\u00e3o da loja matriz em Tr\u00eas Rios para este m\u00eas"},"content":{"rendered":"\n<p><strong>Prefeitura de Para\u00edba do sul se prepara para montar esquema especial para auxiliar o tr\u00e2nsito no dia da inaugura\u00e7\u00e3o<\/strong><\/p>\n\n\n\n<p><br>O ano de 2023 fechar\u00e1 com chave de ouro nas cidades de Tr\u00eas Rios e Para\u00edba do Sul! Al\u00e9m de um investimento de mais de R$ 15 milh\u00f5es no munic\u00edpio de Para\u00edba do Sul, a empresa ir\u00e1 inaugurar tamb\u00e9m a expans\u00e3o da sua loja matriz em frente \u00e0 pra\u00e7a da autonomia, em Tr\u00eas Rios. Com isso a popula\u00e7\u00e3o trirriense poder\u00e1 contar, j\u00e1 a partir de dezembro, com um espa\u00e7o renovado de mais de 600 m\u00b2 de \u00e1rea de venda e mais 10 check-outs que proporcionar\u00e3o mais conforto e agilidade durante as compras.<br>A 25\u00aa unidade do Grupo Mil gerar\u00e1 mais de 150 empregos diretos, ter\u00e1 mais de 4.000 m\u00b2 de obra; 1.800 m\u00b2 de \u00e1rea de venda; 20 check-outs; 150 vagas de estacionamento para carros e contar\u00e1 tamb\u00e9m com um centro comercial que ser\u00e1 inaugurado em 2024. Ainda de acordo com a empresa, a inaugura\u00e7\u00e3o do novo Hiper Para\u00edba do Sul est\u00e1 programada para o m\u00eas de dezembro e a data ser\u00e1 divulgada em breve.<br>Al\u00e9m do posicionamento estrat\u00e9gico, a loja ter\u00e1 adega com t\u00edtulos variados, \u00e1rea ampla de queijos, frios e latic\u00ednio, carnes embaladas de extrema qualidade, uma excelente padaria e um setor estruturado para e-commerce, que atender\u00e1 as compras feitas online pelo aplicativo e pelo WhatsApp. \u201cO objetivo do Bramil Supermercados \u00e9 agregar ainda mais qualidade e experi\u00eancia de compra para a popula\u00e7\u00e3o do munic\u00edpio de Para\u00edba do Sul e demais cidades em que estamos presentes,\u201d disse o diretor do grupo Josemo J\u00fanior.<br>Por conta da novidade a prefeitura de Para\u00edba do Sul ir\u00e1 montar um esquema especial de controle de tr\u00e1fego no dia da inaugura\u00e7\u00e3o, para que o fluxo de pessoas e ve\u00edculos n\u00e3o atrapalhe o tr\u00e2nsito da cidade. \u201cTemos sempre a preocupa\u00e7\u00e3o de manter esse di\u00e1logo com as autoridades para que os clientes tenham a melhor experi\u00eancia de compra poss\u00edvel. Como ser\u00e3o muitas promo\u00e7\u00f5es, em especial nesta data, prezamos pela seguran\u00e7a e conforto da popula\u00e7\u00e3o\u201d, disse o diretor Caio Correa.<br>A companhia est\u00e1 recrutando novos colaboradores e ir\u00e1 fazer um evento dia 12 de dezembro de boas-vindas aos profissionais, no clube principal do munic\u00edpio. \u201cIremos reunir toda a equipe e dar boas-vindas em um caf\u00e9 da manh\u00e3 especial, com palestras dos nossos gestores de diversas \u00e1reas, para mostrar todas as diretrizes do Grupo e prepara-los para essa grande inaugura\u00e7\u00e3o\u201d, ressaltou o diretor Fabricio Correia.<br>A nova unidade do Bramil faz parte do projeto de expans\u00e3o da segunda gera\u00e7\u00e3o do Grupo Mil que assumiu a companhia em 2020, ap\u00f3s o falecimento do fundador Josemo Corr\u00eaa de Mello. De acordo com a nova diretoria da empresa, o Grupo est\u00e1 crescendo com velocidade e segue um planejamento estrat\u00e9gico de expans\u00e3o no interior do estado do Rio de Janeiro para chegar a 40 lojas.<\/p>\n","protected":false},"excerpt":{"rendered":"<p>Prefeitura de Para\u00edba do sul se prepara para montar esquema especial para auxiliar o tr\u00e2nsito<\/p>\n","protected":false},"author":1,"featured_media":37436,"comment_status":"closed","ping_status":"open","sticky":false,"template":"","format":"standard","meta":{"spay_email":"","footnotes":"","jetpack_publicize_message":""},"categories":[2],"tags":[],"jetpack_featured_media_url":"https:\/\/i0.wp.com\/jornaldeitaipava.com.br\/wp-content\/uploads\/2023\/12\/WhatsApp-Image-2023-12-03-at-10.23.59.jpeg?fit=1024%2C540&ssl=1","jetpack_publicize_connections":[],"jetpack_sharing_enabled":true,"jetpack_likes_enabled":true,"jetpack-related-posts":[],"_links":{"self":[{"href":"https:\/\/jornaldeitaipava.com.br\/index.php\/wp-json\/wp\/v2\/posts\/37435"}],"collection":[{"href":"https:\/\/jornaldeitaipava.com.br\/index.php\/wp-json\/wp\/v2\/posts"}],"about":[{"href":"https:\/\/jornaldeitaipava.com.br\/index.php\/wp-json\/wp\/v2\/types\/post"}],"author":[{"embeddable":true,"href":"https:\/\/jornaldeitaipava.com.br\/index.php\/wp-json\/wp\/v2\/users\/1"}],"replies":[{"embeddable":true,"href":"https:\/\/jornaldeitaipava.com.br\/index.php\/wp-json\/wp\/v2\/comments?post=37435"}],"version-history":[{"count":1,"href":"https:\/\/jornaldeitaipava.com.br\/index.php\/wp-json\/wp\/v2\/posts\/37435\/revisions"}],"predecessor-version":[{"id":37437,"href":"https:\/\/jornaldeitaipava.com.br\/index.php\/wp-json\/wp\/v2\/posts\/37435\/revisions\/37437"}],"wp:featuredmedia":[{"embeddable":true,"href":"https:\/\/jornaldeitaipava.com.br\/index.php\/wp-json\/wp\/v2\/media\/37436"}],"wp:attachment":[{"href":"https:\/\/jornaldeitaipava.com.br\/index.php\/wp-json\/wp\/v2\/media?parent=37435"}],"wp:term":[{"taxonomy":"category","embeddable":true,"href":"https:\/\/jornaldeitaipava.com.br\/index.php\/wp-json\/wp\/v2\/categories?post=37435"},{"taxonomy":"post_tag","embeddable":true,"href":"https:\/\/jornaldeitaipava.com.br\/index.php\/wp-json\/wp\/v2\/tags?post=37435"}],"curies":[{"name":"wp","href":"https:\/\/api.w.org\/{rel}","templated":true}]}}