{"id":37441,"date":"2023-12-04T17:45:34","date_gmt":"2023-12-04T20:45:34","guid":{"rendered":"http:\/\/jornaldeitaipava.com.br\/?p=37441"},"modified":"2023-12-04T17:45:38","modified_gmt":"2023-12-04T20:45:38","slug":"bazar-da-appo-no-shopping-vila-katharina","status":"publish","type":"post","link":"https:\/\/jornaldeitaipava.com.br\/index.php\/2023\/12\/04\/bazar-da-appo-no-shopping-vila-katharina\/","title":{"rendered":"Bazar da APPO no Shopping Vila Katharina"},"content":{"rendered":"\n<p>No cora\u00e7\u00e3o de Petr\u00f3polis, a APPO &#8211; Associa\u00e7\u00e3o Petropolitana dos Pacientes Oncol\u00f3gicos promove Bazar que une moda e solidariedade. O Bazar da APPO, realizado de 04 a 19 de dezembro, de segunda a sexta-feira, das 9h \u00e0s 18h, no Shopping Vila Katharia, \u00e0 Rua do Imperador, 75 \u2013 loja 16, Centro, oferece uma variedade de roupas seminovas para todas as faixas et\u00e1rias e g\u00eaneros, al\u00e9m de sapatos.<br>O diferencial deste bazar vai al\u00e9m das pe\u00e7as de qualidade: cada item dispon\u00edvel para venda foi doado pela comunidade local e passou por um cuidadoso processo de reparo antes de ser colocado \u00e0 venda. A equipe dedicada da APPO trabalhou arduamente para garantir que todas as pe\u00e7as estejam em excelentes condi\u00e7\u00f5es, proporcionando aos clientes a oportunidade de adquirir produtos de qualidade a pre\u00e7os acess\u00edveis.<br>O dinheiro arrecadado com o Bazar da APPO desempenha um papel crucial no suporte financeiro da associa\u00e7\u00e3o. Ele \u00e9 direcionado para o pagamento das despesas essenciais que a APPO enfrenta diariamente no fornecimento de assist\u00eancia aos pacientes oncol\u00f3gicos. Esses recursos contribuem para a continuidade dos servi\u00e7os oferecidos pela APPO, incluindo apoio emocional, orienta\u00e7\u00e3o pela equipe t\u00e9cnica, dentre outros.<br>A presidente volunt\u00e1ria da APPO, Ana Cristina Mattos, destaca a import\u00e2ncia do evento n\u00e3o apenas como uma oportunidade de arrecada\u00e7\u00e3o, mas tamb\u00e9m como uma express\u00e3o tang\u00edvel de apoio da comunidade. &#8220;Cada pe\u00e7a \u00e0 venda no bazar representa n\u00e3o apenas um item de moda, mas tamb\u00e9m um gesto de solidariedade. A comunidade de Petr\u00f3polis tem sido incrivelmente generosa ao doar roupas e sapatos, e esse Bazar \u00e9 uma maneira de fortalecer os la\u00e7os que nos une e angariarmos recursos para o pagamento do 13\u00ba sal\u00e1rio da nossa equipe\u201d.<br>O Bazar da APPO n\u00e3o \u00e9 apenas uma oportunidade de fazer compras conscientes, mas tamb\u00e9m uma chance de fazer a diferen\u00e7a na vida daqueles que enfrentam desafios relacionados ao c\u00e2ncer. Ao adquirir no Bazar, os compradores n\u00e3o apenas consomem produtos de qualidade, mas tamb\u00e9m se tornam parte de uma corrente de solidariedade que ajuda a comunidade local a enfrentar as adversidades da luta contra o c\u00e2ncer.<br>Ao unir moda, sustentabilidade e solidariedade, o Bazar da APPO destaca a import\u00e2ncia de apoiar organiza\u00e7\u00f5es locais e promover uma sociedade mais consciente e unida. \u201cReserve um tempo em sua agenda para visitar o Bazar da APPO no Shopping Vila Katharia e contribua para uma causa nobre enquanto renova seu guarda-roupa com pe\u00e7as cheias de hist\u00f3ria e prop\u00f3sito\u201d, finalizou Ana Cristina.<\/p>\n","protected":false},"excerpt":{"rendered":"<p>No cora\u00e7\u00e3o de Petr\u00f3polis, a APPO &#8211; Associa\u00e7\u00e3o Petropolitana dos Pacientes Oncol\u00f3gicos promove Bazar que<\/p>\n","protected":false},"author":1,"featured_media":37442,"comment_status":"closed","ping_status":"open","sticky":false,"template":"","format":"standard","meta":{"spay_email":"","footnotes":"","jetpack_publicize_message":""},"categories":[24],"tags":[],"jetpack_featured_media_url":"https:\/\/i1.wp.com\/jornaldeitaipava.com.br\/wp-content\/uploads\/2023\/12\/WhatsApp-Image-2023-12-04-at-14.40.30.jpeg?fit=640%2C479&ssl=1","jetpack_publicize_connections":[],"jetpack_sharing_enabled":true,"jetpack_likes_enabled":true,"jetpack-related-posts":[],"_links":{"self":[{"href":"https:\/\/jornaldeitaipava.com.br\/index.php\/wp-json\/wp\/v2\/posts\/37441"}],"collection":[{"href":"https:\/\/jornaldeitaipava.com.br\/index.php\/wp-json\/wp\/v2\/posts"}],"about":[{"href":"https:\/\/jornaldeitaipava.com.br\/index.php\/wp-json\/wp\/v2\/types\/post"}],"author":[{"embeddable":true,"href":"https:\/\/jornaldeitaipava.com.br\/index.php\/wp-json\/wp\/v2\/users\/1"}],"replies":[{"embeddable":true,"href":"https:\/\/jornaldeitaipava.com.br\/index.php\/wp-json\/wp\/v2\/comments?post=37441"}],"version-history":[{"count":1,"href":"https:\/\/jornaldeitaipava.com.br\/index.php\/wp-json\/wp\/v2\/posts\/37441\/revisions"}],"predecessor-version":[{"id":37443,"href":"https:\/\/jornaldeitaipava.com.br\/index.php\/wp-json\/wp\/v2\/posts\/37441\/revisions\/37443"}],"wp:featuredmedia":[{"embeddable":true,"href":"https:\/\/jornaldeitaipava.com.br\/index.php\/wp-json\/wp\/v2\/media\/37442"}],"wp:attachment":[{"href":"https:\/\/jornaldeitaipava.com.br\/index.php\/wp-json\/wp\/v2\/media?parent=37441"}],"wp:term":[{"taxonomy":"category","embeddable":true,"href":"https:\/\/jornaldeitaipava.com.br\/index.php\/wp-json\/wp\/v2\/categories?post=37441"},{"taxonomy":"post_tag","embeddable":true,"href":"https:\/\/jornaldeitaipava.com.br\/index.php\/wp-json\/wp\/v2\/tags?post=37441"}],"curies":[{"name":"wp","href":"https:\/\/api.w.org\/{rel}","templated":true}]}}