{"id":37444,"date":"2023-12-04T17:49:21","date_gmt":"2023-12-04T20:49:21","guid":{"rendered":"http:\/\/jornaldeitaipava.com.br\/?p=37444"},"modified":"2023-12-04T17:49:24","modified_gmt":"2023-12-04T20:49:24","slug":"sos-serra-oferece-ultimas-turmas-do-ano-de-prevencao-e-resgate-para-a-comunidade-local","status":"publish","type":"post","link":"https:\/\/jornaldeitaipava.com.br\/index.php\/2023\/12\/04\/sos-serra-oferece-ultimas-turmas-do-ano-de-prevencao-e-resgate-para-a-comunidade-local\/","title":{"rendered":"SOS SERRA oferece \u00faltimas turmas do ano de preven\u00e7\u00e3o e resgate para a comunidade local"},"content":{"rendered":"\n<p>Novas turmas do curso &#8220;Agente Capaz&#8221; dispon\u00edveis nos dias 7 e 8 de dezembro para preparar moradores diante de emerg\u00eancias<br>A Associa\u00e7\u00e3o SOS SERRA est\u00e1 oferecendo novas oportunidades para a comunidade local se capacitar em preven\u00e7\u00e3o e resgate. Mais de 600 pessoas j\u00e1 passaram pelo treinamento, e agora surge a chance para voc\u00ea ou um conhecido. Nos dias 7 e 8 de dezembro (quinta e sexta-feira), a SOS SERRA abrir\u00e1 novas turmas do curso &#8220;Agente Capaz&#8221;, focado em preparar os moradores da cidade para lidar com situa\u00e7\u00f5es de emerg\u00eancia.<br>O curso aborda diversas \u00e1reas cruciais, desde como agir em enchentes, inunda\u00e7\u00f5es, deslizamentos at\u00e9 acidentes dom\u00e9sticos e outras situa\u00e7\u00f5es. Com apenas 30 vagas por dia, as inscri\u00e7\u00f5es est\u00e3o prestes a encerrar, garantindo uma oportunidade imperd\u00edvel para a comunidade.<br>\u201cOs agentes locais s\u00e3o os primeiros a chegar \u00e0s comunidades atingidas em caso de ocorr\u00eancias e, estando treinados, eles podem atuar no socorro inicial salvando vidas. Nem sempre pessoas de fora conseguem chegar rapidamente aos locais afetados pelas chuvas, por causa de ruas fechadas, barreiras. Sem falar na possibilidade de ensinar pessoas a realizarem a\u00e7\u00f5es de preven\u00e7\u00e3o e terem conhecimento sobre os riscos das mudan\u00e7as clim\u00e1ticas\u201d, diz Leo Farah, fundador da Humus.<br>A capacita\u00e7\u00e3o, que tem a dura\u00e7\u00e3o de um dia completo (8 horas), \u00e9 conduzida pela renomada organiza\u00e7\u00e3o n\u00e3o governamental Humus Brasil, contratada pela SOS SERRA. A Humus Brasil \u00e9 reconhecida por sua atua\u00e7\u00e3o efetiva em resposta emergencial a desastres naturais, j\u00e1 tendo prestado aux\u00edlio em situa\u00e7\u00f5es cr\u00edticas, como os ocorridos em Petr\u00f3polis, no litoral de S\u00e3o Paulo e na Turquia.<br>O treinamento ser\u00e1 realizado no galp\u00e3o da SOS SERRA, localizado no Quitandinha. Cada aluno participar\u00e1 em um \u00fanico dia, durante 8 horas, de forma gratuita, com alimenta\u00e7\u00e3o inclu\u00edda.<br>Para garantir sua vaga e participar dessa oportunidade essencial de capacita\u00e7\u00e3o em preven\u00e7\u00e3o e resgate, entre em contato atrav\u00e9s dos canais de comunica\u00e7\u00e3o da SOS SERRA.<br>Nos cursos, est\u00e3o inclu\u00eddos os equipamentos necess\u00e1rios para as aulas e alimenta\u00e7\u00e3o durante o dia para os alunos inscritos. Al\u00e9m disso, cada participante vai ganhar um certificado de conclus\u00e3o.<br>\u201cEu fiz o curso da Humus em mar\u00e7o de 2022, logo ap\u00f3s a trag\u00e9dia, e foi important\u00edssimo para mim, pois aprendi a salvar vidas com as t\u00e9cnicas ensinadas e mais responsabilidade. Aprendi tamb\u00e9m a import\u00e2ncia de sair da \u00e1rea de risco no momento certo, j\u00e1 que as chuvas na cidade \u2013 infelizmente \u2013 s\u00e3o recorrentes, \u201c diz Josiana, l\u00edder comunit\u00e1ria da Primeiro de Maio, uma das \u00e1reas mais afetadas pelas chuvas em Petr\u00f3polis.<\/p>\n","protected":false},"excerpt":{"rendered":"<p>Novas turmas do curso &#8220;Agente Capaz&#8221; dispon\u00edveis nos dias 7 e 8 de dezembro para<\/p>\n","protected":false},"author":1,"featured_media":37445,"comment_status":"closed","ping_status":"open","sticky":false,"template":"","format":"standard","meta":{"spay_email":"","footnotes":"","jetpack_publicize_message":""},"categories":[2],"tags":[],"jetpack_featured_media_url":"https:\/\/i0.wp.com\/jornaldeitaipava.com.br\/wp-content\/uploads\/2023\/12\/WhatsApp-Image-2023-12-04-at-15.05.24.jpeg?fit=1200%2C800&ssl=1","jetpack_publicize_connections":[],"jetpack_sharing_enabled":true,"jetpack_likes_enabled":true,"jetpack-related-posts":[],"_links":{"self":[{"href":"https:\/\/jornaldeitaipava.com.br\/index.php\/wp-json\/wp\/v2\/posts\/37444"}],"collection":[{"href":"https:\/\/jornaldeitaipava.com.br\/index.php\/wp-json\/wp\/v2\/posts"}],"about":[{"href":"https:\/\/jornaldeitaipava.com.br\/index.php\/wp-json\/wp\/v2\/types\/post"}],"author":[{"embeddable":true,"href":"https:\/\/jornaldeitaipava.com.br\/index.php\/wp-json\/wp\/v2\/users\/1"}],"replies":[{"embeddable":true,"href":"https:\/\/jornaldeitaipava.com.br\/index.php\/wp-json\/wp\/v2\/comments?post=37444"}],"version-history":[{"count":1,"href":"https:\/\/jornaldeitaipava.com.br\/index.php\/wp-json\/wp\/v2\/posts\/37444\/revisions"}],"predecessor-version":[{"id":37446,"href":"https:\/\/jornaldeitaipava.com.br\/index.php\/wp-json\/wp\/v2\/posts\/37444\/revisions\/37446"}],"wp:featuredmedia":[{"embeddable":true,"href":"https:\/\/jornaldeitaipava.com.br\/index.php\/wp-json\/wp\/v2\/media\/37445"}],"wp:attachment":[{"href":"https:\/\/jornaldeitaipava.com.br\/index.php\/wp-json\/wp\/v2\/media?parent=37444"}],"wp:term":[{"taxonomy":"category","embeddable":true,"href":"https:\/\/jornaldeitaipava.com.br\/index.php\/wp-json\/wp\/v2\/categories?post=37444"},{"taxonomy":"post_tag","embeddable":true,"href":"https:\/\/jornaldeitaipava.com.br\/index.php\/wp-json\/wp\/v2\/tags?post=37444"}],"curies":[{"name":"wp","href":"https:\/\/api.w.org\/{rel}","templated":true}]}}