{"id":37450,"date":"2023-12-04T18:06:34","date_gmt":"2023-12-04T21:06:34","guid":{"rendered":"http:\/\/jornaldeitaipava.com.br\/?p=37450"},"modified":"2023-12-04T18:06:39","modified_gmt":"2023-12-04T21:06:39","slug":"balcao-de-empregos-mais-121-vagas-para-esta-semana","status":"publish","type":"post","link":"https:\/\/jornaldeitaipava.com.br\/index.php\/2023\/12\/04\/balcao-de-empregos-mais-121-vagas-para-esta-semana\/","title":{"rendered":"Balc\u00e3o de Empregos: mais 121 vagas para esta semana"},"content":{"rendered":"\n<p>A Prefeitura de Petr\u00f3polis est\u00e1 oferecendo, em seu Balc\u00e3o de Empregos na internet, mais 121 oportunidades de trabalho em empresas do munic\u00edpio. Para participar dos processos de sele\u00e7\u00e3o, os candidatos devem fazer o cadastramento de seus curr\u00edculos no site da Prefeitura (https:\/\/www.petropolis.rj.gov.br) entre segunda-feira (4) a sexta-feira (8).<br>O Balc\u00e3o de Empregos \u00e9 um servi\u00e7o da Secretaria de Assist\u00eancia Social, por meio do Departamento de Trabalho e Renda (Detra). Todos os candidatos concorrem nos processos seletivos, desde que atendam aos requisitos exigidos pelos empregadores. As empresas t\u00eam responsabilidade integral pelo recrutamento e pelas contrata\u00e7\u00f5es.<\/p>\n\n\n\n<p>Veja as oportunidades desta semana:<\/p>\n\n\n\n<p>Ajudante de Cozinha &#8211; Ensino M\u00e9dio \/ Experi\u00eancia de 1 ano na fun\u00e7\u00e3o &#8211; 2 vagas<\/p>\n\n\n\n<p>Ajudante de Motorista &#8211; Ensino M\u00e9dio \/ Disponibilidade para viajar \/ Experi\u00eancia na fun\u00e7\u00e3o &#8211; 4 vagas<\/p>\n\n\n\n<p>Almoxarife &#8211; Ensino M\u00e9dio &#8211; 1 vaga<\/p>\n\n\n\n<p>Analista de PCP &#8211; Ensino M\u00e9dio \/ Curso espec\u00edfico na \u00e1rea \/ Experi\u00eancia de 1 ano na fun\u00e7\u00e3o &#8211; 1 vaga<\/p>\n\n\n\n<p>Atendente &#8211; Ensino M\u00e9dio &#8211; 10 vagas<\/p>\n\n\n\n<p>Atendente &#8211; Ensino M\u00e9dio &#8211; 1 vaga<\/p>\n\n\n\n<p>Auxiliar Administrativo &#8211; Ensino M\u00e9dio \/ Experi\u00eancia na fun\u00e7\u00e3o &#8211; 1 vaga<\/p>\n\n\n\n<p>Auxiliar de Cozinha &#8211; Ensino Fundamental &#8211; 2 vagas<\/p>\n\n\n\n<p>Auxiliar de Expedi\u00e7\u00e3o &#8211; Ensino M\u00e9dio \/ Experi\u00eancia na fun\u00e7\u00e3o &#8211; 1 vaga<\/p>\n\n\n\n<p>Auxiliar de Faturamento &#8211; Ensino M\u00e9dio \/ Experi\u00eancia de 1 ano na fun\u00e7\u00e3o &#8211; 1 vaga<\/p>\n\n\n\n<p>Auxiliar de Manuten\u00e7\u00e3o &#8211; Ensino M\u00e9dio \/ Cursos espec\u00edficos na \u00e1rea &#8211; 1 vaga<\/p>\n\n\n\n<p>Auxiliar de Mec\u00e2nico &#8211; Ensino M\u00e9dio \/ Curso espec\u00edfico na \u00e1rea (Industrial) &#8211; 1 vaga<\/p>\n\n\n\n<p>Auxiliar de PCP &#8211; Ensino M\u00e9dio \/ Curso espec\u00edfico na \u00e1rea \/ Experi\u00eancia de 1 ano na fun\u00e7\u00e3o &#8211; 1 vaga<\/p>\n\n\n\n<p>Auxiliar de Produ\u00e7\u00e3o &#8211; Ensino Fundamental \/ Experi\u00eancia de produ\u00e7\u00e3o no ramo aliment\u00edcio &#8211; 20 vagas<\/p>\n\n\n\n<p>Auxiliar de Servi\u00e7os Gerais &#8211; Ensino M\u00e9dio \/ Experi\u00eancia na fun\u00e7\u00e3o &#8211; 1 vaga<\/p>\n\n\n\n<p>Auxiliar de Servi\u00e7os Gerais &#8211; Ensino Fundamental &#8211; 1 vaga<\/p>\n\n\n\n<p>Conferente de Mercadoria &#8211; Ensino M\u00e9dio \/ Experi\u00eancia na fun\u00e7\u00e3o &#8211; 1 vaga<\/p>\n\n\n\n<p>Consultor Comercial &#8211; Ensino M\u00e9dio &#8211; 1 vaga<\/p>\n\n\n\n<p>Consultor de Vendas &#8211; Ensino M\u00e9dio \/ Experi\u00eancia na fun\u00e7\u00e3o &#8211; 2 vagas<\/p>\n\n\n\n<p>Cozinheiro &#8211; Ensino Fundamental \/ Experi\u00eancia de 1 ano na fun\u00e7\u00e3o &#8211; 1 vaga<\/p>\n\n\n\n<p>Cozinheiro &#8211; Ensino M\u00e9dio \/ Experi\u00eancia de 1 ano na fun\u00e7\u00e3o &#8211; 1 vaga<\/p>\n\n\n\n<p>Encarregado de Estacionamento &#8211; Ensino Fundamental \/ CNH Cat. B &#8211; 4 vagas<\/p>\n\n\n\n<p>Engenheiro Mec\u00e2nico Industrial &#8211; Ensino Superior \/ Curso espec\u00edfico na \u00e1rea \/ Experi\u00eancia de 2 anos na fun\u00e7\u00e3o &#8211; 1 vaga<\/p>\n\n\n\n<p>Gerente de Restaurante &#8211; Ensino Superior \/ Experi\u00eancia com Gest\u00e3o de Pessoas &#8211; 4 vagas<\/p>\n\n\n\n<p>Lavador de Ve\u00edculos &#8211; Ensino M\u00e9dio \/ Experi\u00eancia na fun\u00e7\u00e3o &#8211; 4 vagas<\/p>\n\n\n\n<p>Manobrador &#8211; Ensino Fundamental \/ Experi\u00eancia na fun\u00e7\u00e3o &#8211; 2 vagas<\/p>\n\n\n\n<p>Motorista de Caminh\u00e3o &#8211; Ensino M\u00e9dio \/ CNH Cat. C \/ Disponibilidade para viajar \/ Experi\u00eancia de 2 anos na fun\u00e7\u00e3o &#8211; 5 vagas<\/p>\n\n\n\n<p>Operador de Empilhadeira &#8211; Ensino M\u00e9dio \/ Curso espec\u00edfico na \u00e1rea \/ Experi\u00eancia de 1 ano na fun\u00e7\u00e3o &#8211; 1 vaga<\/p>\n\n\n\n<p>Op. M\u00e1q. De Fabrica\u00e7\u00e3o Aliment\u00edcia &#8211; Ensino M\u00e9dio \/ Curso espec\u00edfico na \u00e1rea &#8211; 10 vagas<\/p>\n\n\n\n<p>Padeiro &#8211; Ensino M\u00e9dio \/ Disponibilidade para viajar \/ Experi\u00eancia na fun\u00e7\u00e3o &#8211; 10 vagas<\/p>\n\n\n\n<p>Pintor \u00e0 Pistola &#8211; Ensino Fundamental \/ Curso espec\u00edfico na \u00e1rea \/ Experi\u00eancia de 2 anos na fun\u00e7\u00e3o &#8211; 1 vaga<\/p>\n\n\n\n<p>Pintor de Obras &#8211; Ensino M\u00e9dio \/ Curso espec\u00edfico na \u00e1rea \/ Experi\u00eancia de 1 ano na fun\u00e7\u00e3o &#8211; 1 vaga<\/p>\n\n\n\n<p>Pizzaiolo &#8211; Ensino M\u00e9dio \/ Experi\u00eancia na fun\u00e7\u00e3o &#8211; 1 vaga<\/p>\n\n\n\n<p>Pizzaiolo &#8211; Ensino M\u00e9dio \/ Experi\u00eancia na fun\u00e7\u00e3o &#8211; 1 vaga<\/p>\n\n\n\n<p>Porteiro &#8211; Ensino Fundamental \/ Experi\u00eancia na fun\u00e7\u00e3o &#8211; 7 vagas<\/p>\n\n\n\n<p>T\u00e9c. Seguran\u00e7a do Trabalho &#8211; Ensino M\u00e9dio \/ Curso espec\u00edfico na \u00e1rea \/ Experi\u00eancia na fun\u00e7\u00e3o &#8211; 1 vaga<\/p>\n\n\n\n<p>T\u00e9c. Seguran\u00e7a do Trabalho &#8211; Ensino M\u00e9dio \/ CNH Cat. B \/ Curso espec\u00edfico na \u00e1rea \/ Disponibilidade para viajar &#8211; 1 vaga<\/p>\n\n\n\n<p>Venda &#8211; Telemarketing &#8211; Ensino M\u00e9dio \/ Experi\u00eancia na fun\u00e7\u00e3o &#8211; 4 vagas<\/p>\n\n\n\n<p>Vendedor Externo &#8211; Ensino M\u00e9dio \/ Experi\u00eancia de 1 ano na fun\u00e7\u00e3o &#8211; 4 vagas<\/p>\n\n\n\n<p>Vendedor Porta a Porta &#8211; Ensino Fundamental \/ Disponibilidade para viajar \/ Experi\u00eancia de 1 ano na fun\u00e7\u00e3o &#8211; 4 vagas<\/p>\n","protected":false},"excerpt":{"rendered":"<p>A Prefeitura de Petr\u00f3polis est\u00e1 oferecendo, em seu Balc\u00e3o de Empregos na internet, mais 121<\/p>\n","protected":false},"author":1,"featured_media":10209,"comment_status":"closed","ping_status":"open","sticky":false,"template":"","format":"standard","meta":{"spay_email":"","footnotes":"","jetpack_publicize_message":""},"categories":[24],"tags":[],"jetpack_featured_media_url":"https:\/\/i1.wp.com\/jornaldeitaipava.com.br\/wp-content\/uploads\/2021\/02\/EMPREGO-TRABALHO.jpg?fit=1920%2C1080&ssl=1","jetpack_publicize_connections":[],"jetpack_sharing_enabled":true,"jetpack_likes_enabled":true,"jetpack-related-posts":[],"_links":{"self":[{"href":"https:\/\/jornaldeitaipava.com.br\/index.php\/wp-json\/wp\/v2\/posts\/37450"}],"collection":[{"href":"https:\/\/jornaldeitaipava.com.br\/index.php\/wp-json\/wp\/v2\/posts"}],"about":[{"href":"https:\/\/jornaldeitaipava.com.br\/index.php\/wp-json\/wp\/v2\/types\/post"}],"author":[{"embeddable":true,"href":"https:\/\/jornaldeitaipava.com.br\/index.php\/wp-json\/wp\/v2\/users\/1"}],"replies":[{"embeddable":true,"href":"https:\/\/jornaldeitaipava.com.br\/index.php\/wp-json\/wp\/v2\/comments?post=37450"}],"version-history":[{"count":1,"href":"https:\/\/jornaldeitaipava.com.br\/index.php\/wp-json\/wp\/v2\/posts\/37450\/revisions"}],"predecessor-version":[{"id":37451,"href":"https:\/\/jornaldeitaipava.com.br\/index.php\/wp-json\/wp\/v2\/posts\/37450\/revisions\/37451"}],"wp:featuredmedia":[{"embeddable":true,"href":"https:\/\/jornaldeitaipava.com.br\/index.php\/wp-json\/wp\/v2\/media\/10209"}],"wp:attachment":[{"href":"https:\/\/jornaldeitaipava.com.br\/index.php\/wp-json\/wp\/v2\/media?parent=37450"}],"wp:term":[{"taxonomy":"category","embeddable":true,"href":"https:\/\/jornaldeitaipava.com.br\/index.php\/wp-json\/wp\/v2\/categories?post=37450"},{"taxonomy":"post_tag","embeddable":true,"href":"https:\/\/jornaldeitaipava.com.br\/index.php\/wp-json\/wp\/v2\/tags?post=37450"}],"curies":[{"name":"wp","href":"https:\/\/api.w.org\/{rel}","templated":true}]}}