{"id":37454,"date":"2023-12-04T20:29:36","date_gmt":"2023-12-04T23:29:36","guid":{"rendered":"http:\/\/jornaldeitaipava.com.br\/?p=37454"},"modified":"2023-12-04T20:29:41","modified_gmt":"2023-12-04T23:29:41","slug":"autoridades-civis-e-militares-marcam-presenca-na-missa-de-despedida-de-dom-gregorio-paixao","status":"publish","type":"post","link":"https:\/\/jornaldeitaipava.com.br\/index.php\/2023\/12\/04\/autoridades-civis-e-militares-marcam-presenca-na-missa-de-despedida-de-dom-gregorio-paixao\/","title":{"rendered":"Autoridades civis e militares marcam presen\u00e7a na missa de despedida de Dom Greg\u00f3rio Paix\u00e3o"},"content":{"rendered":"\n<p>Autoridades civis e militares marcaram presen\u00e7a, na Catedral S\u00e3o Pedro de Alc\u00e2ntara, dia 2 de dezembro, na missa de a\u00e7\u00e3o de gra\u00e7as pelos 11 anos de governo episcopal e de despedida de Dom Greg\u00f3rio Paix\u00e3o, OSB, que no dia 15 de dezembro assume como arcebispo da Arquidiocese de Fortaleza.<br>Representando todas as autoridades civis e militares, o governador Cl\u00e1udio Castro e o prefeito Rubens Bomtempo, usaram da palavra no final da missa, agradecendo todo trabalho e dedica\u00e7\u00e3o do bispo, principalmente no per\u00edodo das trag\u00e9dias na Regi\u00e3o Serrana. O governador, que \u00e9 cantor cat\u00f3lico, ap\u00f3s o agradecimento, pediu licen\u00e7a e homenagem a Dom Greg\u00f3rio Paix\u00e3o, com uma can\u00e7\u00e3o.<br>J\u00e1 o prefeito Rubens Bomtempo, emocionado, falou sobre o carinho que o bispo sempre teve por Petr\u00f3polis, afirmando que \u201co senhor foi um milagre para essa cidade\u201d. O prefeito ao ressaltar algumas caracter\u00edsticas de Dom Greg\u00f3rio, frisou que aprendeu nesses anos a ser simples e humilde, com os exemplos do bispo.<br>A Fam\u00edlia Imperial de Petr\u00f3polis tamb\u00e9m esteve representada e seus membros sempre foram uma presen\u00e7a em diversos momentos com Dom Greg\u00f3rio Paix\u00e3o. Estiveram na missa Pedro Carlos de Orleans e Bragan\u00e7a com a esposa, e seus irm\u00e3os Cristina, Manuel e Francisco e seu filho Francisco com a esposa, Matthieu.<br>Al\u00e9m do governador e prefeito, a missa contou com a presen\u00e7a do presidente da C\u00e2mara, vereador J\u00fanior Coruja e de v\u00e1rios vereadores, do deputado federal, Hugo Leal e outros deputados, de secret\u00e1rios estaduais e municipais, assim como representantes da sociedade civil, como o presidente da C\u00e2mara de Diretores Lojistas (CDL), Cl\u00e1udio Mohammad.<\/p>\n","protected":false},"excerpt":{"rendered":"<p>Autoridades civis e militares marcaram presen\u00e7a, na Catedral S\u00e3o Pedro de Alc\u00e2ntara, dia 2 de<\/p>\n","protected":false},"author":1,"featured_media":37455,"comment_status":"closed","ping_status":"open","sticky":false,"template":"","format":"standard","meta":{"spay_email":"","footnotes":"","jetpack_publicize_message":""},"categories":[24],"tags":[],"jetpack_featured_media_url":"https:\/\/i2.wp.com\/jornaldeitaipava.com.br\/wp-content\/uploads\/2023\/12\/castro.jpg?fit=1000%2C666&ssl=1","jetpack_publicize_connections":[],"jetpack_sharing_enabled":true,"jetpack_likes_enabled":true,"jetpack-related-posts":[],"_links":{"self":[{"href":"https:\/\/jornaldeitaipava.com.br\/index.php\/wp-json\/wp\/v2\/posts\/37454"}],"collection":[{"href":"https:\/\/jornaldeitaipava.com.br\/index.php\/wp-json\/wp\/v2\/posts"}],"about":[{"href":"https:\/\/jornaldeitaipava.com.br\/index.php\/wp-json\/wp\/v2\/types\/post"}],"author":[{"embeddable":true,"href":"https:\/\/jornaldeitaipava.com.br\/index.php\/wp-json\/wp\/v2\/users\/1"}],"replies":[{"embeddable":true,"href":"https:\/\/jornaldeitaipava.com.br\/index.php\/wp-json\/wp\/v2\/comments?post=37454"}],"version-history":[{"count":1,"href":"https:\/\/jornaldeitaipava.com.br\/index.php\/wp-json\/wp\/v2\/posts\/37454\/revisions"}],"predecessor-version":[{"id":37456,"href":"https:\/\/jornaldeitaipava.com.br\/index.php\/wp-json\/wp\/v2\/posts\/37454\/revisions\/37456"}],"wp:featuredmedia":[{"embeddable":true,"href":"https:\/\/jornaldeitaipava.com.br\/index.php\/wp-json\/wp\/v2\/media\/37455"}],"wp:attachment":[{"href":"https:\/\/jornaldeitaipava.com.br\/index.php\/wp-json\/wp\/v2\/media?parent=37454"}],"wp:term":[{"taxonomy":"category","embeddable":true,"href":"https:\/\/jornaldeitaipava.com.br\/index.php\/wp-json\/wp\/v2\/categories?post=37454"},{"taxonomy":"post_tag","embeddable":true,"href":"https:\/\/jornaldeitaipava.com.br\/index.php\/wp-json\/wp\/v2\/tags?post=37454"}],"curies":[{"name":"wp","href":"https:\/\/api.w.org\/{rel}","templated":true}]}}