{"id":37458,"date":"2023-12-05T15:53:19","date_gmt":"2023-12-05T18:53:19","guid":{"rendered":"http:\/\/jornaldeitaipava.com.br\/?p=37458"},"modified":"2023-12-05T15:53:45","modified_gmt":"2023-12-05T18:53:45","slug":"mercado-de-trabalho-veja-dicas-para-ser-contratado-neste-fim-de-ano","status":"publish","type":"post","link":"https:\/\/jornaldeitaipava.com.br\/index.php\/2023\/12\/05\/mercado-de-trabalho-veja-dicas-para-ser-contratado-neste-fim-de-ano\/","title":{"rendered":"Mercado de trabalho: Veja dicas para ser contratado neste fim de ano"},"content":{"rendered":"\n<p>Com a aproxima\u00e7\u00e3o das festas de fim de ano, as empresas se preparam para o aumento significativo no movimento de clientes, especialmente no setor varejista. Diante desse cen\u00e1rio, surgem oportunidades valiosas para aqueles que buscam ingressar no mercado de trabalho ou expandir suas experi\u00eancias profissionais. Este per\u00edodo \u00e9 marcado pela oferta de vagas tempor\u00e1rias, que n\u00e3o apenas supre as necessidades sazonais das empresas, mas tamb\u00e9m serve como uma porta de entrada para oportunidades mais duradouras.<br>E na era digital, as redes sociais profissionais, com destaque para o LinkedIn, desempenham um papel crucial na busca por uma vaga de trabalho. Segundo Claudimir Matos, que \u00e9 especialista em Administra\u00e7\u00e3o Estrat\u00e9gica e docente dos cursos de Gest\u00e3o da Est\u00e1cio, para quem busca uma vaga de emprego nesse contexto espec\u00edfico, \u00e9 essencial adotar uma abordagem estrat\u00e9gica e abrangente, considerando as nuances do mercado de trabalho durante essa temporada. Ele destaca que a utiliza\u00e7\u00e3o de plataformas online de emprego \u00e9 um primeiro passo importante.<br>\u201cSites especializados, como Indeed, InfoJobs e LinkedIn, oferecem uma variedade de oportunidades dispon\u00edveis no mercado, muitas das quais s\u00e3o tempor\u00e1rias e voltadas para atender \u00e0 demanda sazonal. Essas plataformas proporcionam um panorama amplo das vagas dispon\u00edveis, permitindo que os candidatos explorem diferentes setores e encontrem oportunidades alinhadas \u00e0s suas habilidades e interesses\u201d, afirmou.<br>Ele afirma ainda que os candidatos devem manter perfis nas redes sociais profissionais atualizados e tamb\u00e9m participar de grupos e comunidades relevantes para interagir diretamente com recrutadores e profissionais do setor. Outra dica \u00e9 publicar conte\u00fado relacionado \u00e0 \u00e1rea de atua\u00e7\u00e3o, compartilhar experi\u00eancias profissionais e conectar-se estrategicamente com profissionais-chave, que podem abrir portas inesperadas.<br>Contudo, o professor Claudimir destaca que a busca online n\u00e3o deve ser a \u00fanica estrat\u00e9gia a ser utilizada por aqueles que procuram uma vaga tempor\u00e1ria no final do ano. Segundo ele, a procura pessoal e a demonstra\u00e7\u00e3o de interesse presenciais nas empresas podem ser poderosos diferenciais em um processo de contrata\u00e7\u00e3o.<br>\u201cVisitar pessoalmente lojas e estabelecimentos que geralmente contratam tempor\u00e1rios durante o final de ano \u00e9 uma pr\u00e1tica que pode destacar os candidatos. Esse esfor\u00e7o extra mostra n\u00e3o apenas proatividade, mas tamb\u00e9m um interesse genu\u00edno na oportunidade e na empresa. Encontrar uma vaga de emprego neste fim de ano requer uma combina\u00e7\u00e3o de abordagens. Da explora\u00e7\u00e3o online \u00e0 visita\u00e7\u00e3o pessoal, da otimiza\u00e7\u00e3o do perfil no LinkedIn \u00e0 adapta\u00e7\u00e3o \u00e0s demandas espec\u00edficas do mercado. Este \u00e9 um per\u00edodo em que a proatividade, a adaptabilidade e a determina\u00e7\u00e3o podem fazer a diferen\u00e7a em uma busca de emprego bem-sucedida\u201d, afirmou.<\/p>\n\n\n\n<p><strong>Dicas para um bom curr\u00edculo<br><\/strong>Claudimir Matos lembra que quando algu\u00e9m busca elaborar um bom curr\u00edculo, \u00e9 essencial adotar estrat\u00e9gias que se destaquem em um mercado competitivo. Segundo ele, inicialmente, deve-se garantir um formato profissional, utilizando fontes leg\u00edveis e organizando as se\u00e7\u00f5es de maneira clara. As informa\u00e7\u00f5es de contato precisam ser atualizadas para facilitar o contato dos recrutadores. Al\u00e9m disso, o especialista recomenda incluir um objetivo profissional claro, seguido por um resumo executivo que evidencie as principais habilidades, experi\u00eancias e conquistas. Na se\u00e7\u00e3o de experi\u00eancia profissional, \u00e9 indicado listar as viv\u00eancias em ordem cronol\u00f3gica inversa, destacando responsabilidades e, sempre que poss\u00edvel, incluindo conquistas mensur\u00e1veis.<br>De acordo com o professor da Est\u00e1cio, ao abordar a forma\u00e7\u00e3o acad\u00eamica e certifica\u00e7\u00f5es, detalhes como o nome da institui\u00e7\u00e3o, curso e ano de conclus\u00e3o devem ser fornecidos. Uma se\u00e7\u00e3o dedicada \u00e0s habilidades-chave alinhadas aos requisitos da vaga \u00e9 crucial.<br>\u201c\u00c9 importante adaptar o curr\u00edculo para cada aplica\u00e7\u00e3o, enfatizando experi\u00eancias e habilidades espec\u00edficas que correspondam \u00e0s necessidades do empregador. Experi\u00eancias volunt\u00e1rias e atividades extracurriculares relevantes podem ser inclu\u00eddas. A linguagem utilizada ao descrever responsabilidades e conquistas deve ser positiva e orientada para a a\u00e7\u00e3o, proporcionando uma vis\u00e3o clara do que foi realizado nas organiza\u00e7\u00f5es anteriores. A revis\u00e3o cuidadosa do curr\u00edculo em rela\u00e7\u00e3o a erros gramaticais e ortogr\u00e1ficos \u00e9 essencial. Manter o perfil no LinkedIn atualizado e alinhado com o curr\u00edculo \u00e9 importante, j\u00e1 que muitos recrutadores verificam perfis online\u201d, destacou.<br>Outra dica importante para o curr\u00edculo, \u00e9 prestar aten\u00e7\u00e3o \u00e0 est\u00e9tica, utilizando um layout limpo e agrad\u00e1vel visualmente. O professor Claudimir afirma que ao seguir essas dicas, o candidato poder\u00e1 criar um curr\u00edculo que n\u00e3o apenas destaca suas qualifica\u00e7\u00f5es, mas que tamb\u00e9m possa impressionar os empregadores pela organiza\u00e7\u00e3o, aumentando suas chances de se destacar no processo seletivo.<\/p>\n\n\n\n<p><strong>Dicas para entrevista de emprego<br><\/strong>Ap\u00f3s a an\u00e1lise do curr\u00edculo, chega a hora da entrevista. Segundo o especialista, quando o candidato est\u00e1 se preparando para uma entrevista, \u00e9 fundamental que ele adote estrat\u00e9gias que garantam um bom resultado e cause uma boa impress\u00e3o nos recrutadores.<br>\u201cO candidato deve realizar uma pesquisa pr\u00e9via detalhada sobre a empresa, compreendendo sua miss\u00e3o, valores, produtos ou servi\u00e7os oferecidos, bem como as \u00faltimas not\u00edcias relacionadas. Essa prepara\u00e7\u00e3o demonstra que o candidato possui um interesse verdadeiro na institui\u00e7\u00e3o, e que ele se preparou bem para a entrevista. Al\u00e9m de entender a empresa, o candidato deve familiarizar-se com os requisitos espec\u00edficos da vaga. Destacar suas habilidades e experi\u00eancias alinhadas com as expectativas do cargo mostra como ele pode contribuir para o sucesso da equipe\u201d, afirmou o professor, acrescentando outras dicas:<\/p>\n\n\n\n<ul><li>Antecipar as perguntas comuns feitas em entrevistas e praticar as respostas. Isso ajuda o candidato a ganhar confian\u00e7a e clareza durante a entrevista. Ele deve preparar exemplos concretos de situa\u00e7\u00f5es passadas em que enfrentou desafios, superou obst\u00e1culos ou contribuiu para o sucesso de projetos.<\/li><li>Demonstra\u00e7\u00e3o de entusiasmo pela oportunidade. O candidato deve mostrar que n\u00e3o est\u00e1 apenas interessado na vaga, mas tamb\u00e9m entende e se identifica com a cultura da empresa.<\/li><li>Vestimenta alinhada com a cultura da empresa. Geralmente, optar por roupas mais formais \u00e9 a melhor abordagem, mas isso pode variar dependendo do setor e da cultura organizacional. Manter uma postura ereta e utilizar uma linguagem corporal confiante s\u00e3o aspectos fundamentais para o candidato. Ele deve manter contato visual com os entrevistadores, sorrir quando apropriado e evitar gestos nervosos que possam transmitir ansiedade.<\/li><\/ul>\n","protected":false},"excerpt":{"rendered":"<p>Com a aproxima\u00e7\u00e3o das festas de fim de ano, as empresas se preparam para o<\/p>\n","protected":false},"author":1,"featured_media":32149,"comment_status":"closed","ping_status":"open","sticky":false,"template":"","format":"standard","meta":{"spay_email":"","footnotes":"","jetpack_publicize_message":""},"categories":[9],"tags":[],"jetpack_featured_media_url":"https:\/\/i1.wp.com\/jornaldeitaipava.com.br\/wp-content\/uploads\/2022\/11\/comercio-natal.png?fit=914%2C568&ssl=1","jetpack_publicize_connections":[],"jetpack_sharing_enabled":true,"jetpack_likes_enabled":true,"jetpack-related-posts":[],"_links":{"self":[{"href":"https:\/\/jornaldeitaipava.com.br\/index.php\/wp-json\/wp\/v2\/posts\/37458"}],"collection":[{"href":"https:\/\/jornaldeitaipava.com.br\/index.php\/wp-json\/wp\/v2\/posts"}],"about":[{"href":"https:\/\/jornaldeitaipava.com.br\/index.php\/wp-json\/wp\/v2\/types\/post"}],"author":[{"embeddable":true,"href":"https:\/\/jornaldeitaipava.com.br\/index.php\/wp-json\/wp\/v2\/users\/1"}],"replies":[{"embeddable":true,"href":"https:\/\/jornaldeitaipava.com.br\/index.php\/wp-json\/wp\/v2\/comments?post=37458"}],"version-history":[{"count":1,"href":"https:\/\/jornaldeitaipava.com.br\/index.php\/wp-json\/wp\/v2\/posts\/37458\/revisions"}],"predecessor-version":[{"id":37459,"href":"https:\/\/jornaldeitaipava.com.br\/index.php\/wp-json\/wp\/v2\/posts\/37458\/revisions\/37459"}],"wp:featuredmedia":[{"embeddable":true,"href":"https:\/\/jornaldeitaipava.com.br\/index.php\/wp-json\/wp\/v2\/media\/32149"}],"wp:attachment":[{"href":"https:\/\/jornaldeitaipava.com.br\/index.php\/wp-json\/wp\/v2\/media?parent=37458"}],"wp:term":[{"taxonomy":"category","embeddable":true,"href":"https:\/\/jornaldeitaipava.com.br\/index.php\/wp-json\/wp\/v2\/categories?post=37458"},{"taxonomy":"post_tag","embeddable":true,"href":"https:\/\/jornaldeitaipava.com.br\/index.php\/wp-json\/wp\/v2\/tags?post=37458"}],"curies":[{"name":"wp","href":"https:\/\/api.w.org\/{rel}","templated":true}]}}