{"id":37460,"date":"2023-12-05T15:56:20","date_gmt":"2023-12-05T18:56:20","guid":{"rendered":"http:\/\/jornaldeitaipava.com.br\/?p=37460"},"modified":"2023-12-05T15:56:23","modified_gmt":"2023-12-05T18:56:23","slug":"setor-industrial-e-responsavel-pela-maioria-das-novas-contratacoes-do-mes-de-outubro-em-petropolis","status":"publish","type":"post","link":"https:\/\/jornaldeitaipava.com.br\/index.php\/2023\/12\/05\/setor-industrial-e-responsavel-pela-maioria-das-novas-contratacoes-do-mes-de-outubro-em-petropolis\/","title":{"rendered":"Setor industrial \u00e9 respons\u00e1vel pela maioria das novas contrata\u00e7\u00f5es do m\u00eas de outubro em Petr\u00f3polis"},"content":{"rendered":"\n<p>Em outubro, cerca de 56% dos novos postos de trabalho em Petr\u00f3polis s\u00e3o oriundos da Ind\u00fastria. De acordo com an\u00e1lise feita pela Firjan, a partir da plataforma Retratos Regionais, a cidade gerou 288 empregos no m\u00eas e o maior volume de contrata\u00e7\u00f5es veio do setor industrial (+162), seguido de servi\u00e7os (+145).<br>Os dados agregados de todos os setores econ\u00f4micos (ind\u00fastria, com\u00e9rcio, servi\u00e7os e agropecu\u00e1ria) mostram ainda que, de janeiro a outubro deste ano, o munic\u00edpio acumula 1858 vagas. Tamb\u00e9m com destaque para Ind\u00fastria (+866) e Servi\u00e7os (+857) que foram os principais geradores de empregos.<br>\u201cDurante todo o ano, a ind\u00fastria contribuiu significativamente para que Petr\u00f3polis tivesse saldo positivo nas contrata\u00e7\u00f5es. Isso demonstra a for\u00e7a do setor, mas especialmente, o trabalho que a Firjan tem realizado para promover a melhoria do ambiente de neg\u00f3cios e a qualidade na forma\u00e7\u00e3o de m\u00e3o de obras, atrav\u00e9s da Firjan SENAI, em busca de inova\u00e7\u00e3o e novas tecnologias para garantir a competitividade no mercado\u201d, afirma J\u00falio Talon, presidente da Firjan Serrana.<\/p>\n\n\n\n<p><strong>O estado do Rio criou 18.803 vagas de emprego com carteira assinada em outubro<br><\/strong>De acordo com an\u00e1lise feita pela Firjan, esse foi o segundo melhor desempenho do mercado de trabalho fluminense neste ano, atr\u00e1s apenas do resultado de agosto.<br>O maior volume de vagas em outubro veio do setor de Servi\u00e7os (+10.265). A atividade de Sele\u00e7\u00e3o, Agenciamento e Loca\u00e7\u00e3o de M\u00e3o de Obra (+1.292) apresentou o melhor desempenho no setor. Com a proximidade do fim de ano e o aumento de demanda, atividades de todos os setores econ\u00f4micos buscam trabalhadores tempor\u00e1rios e esse segmento de Sele\u00e7\u00e3o, Agenciamento e Loca\u00e7\u00e3o de M\u00e3o de Obra engloba justamente os neg\u00f3cios que realizam a intermedia\u00e7\u00e3o entre empresas e empregados. Na sequ\u00eancia, aparecem Servi\u00e7os para Edif\u00edcios e Atividades Paisag\u00edsticas (+1.078) e Alimenta\u00e7\u00e3o (+1.059).<br>O setor industrial, que contempla as ind\u00fastrias de Transforma\u00e7\u00e3o, Extrativa, Constru\u00e7\u00e3o e os Servi\u00e7os Industriais de Utilidade P\u00fablica, aparece em seguida, com 5.202 novos empregos com carteira assinada. Al\u00e9m da Constru\u00e7\u00e3o (+2.328), que segue em destaque no estado do Rio, os principais contratantes foram Coleta, Tratamento e Disposi\u00e7\u00e3o de Res\u00edduos (+841), Manuten\u00e7\u00e3o, Repara\u00e7\u00e3o e Instala\u00e7\u00e3o de M\u00e1quinas e Equipamentos (+792) e Fabrica\u00e7\u00e3o de Produtos de Metal (+531).<br>O Com\u00e9rcio, por sua vez, criou 3.935 postos de trabalho formais, puxado pelas contrata\u00e7\u00f5es em Hipermercados e Supermercados (+867) e Vestu\u00e1rio e Acess\u00f3rios (+739). J\u00e1 a Agropecu\u00e1ria (-599) foi a \u00fanica grande atividade econ\u00f4mica a encerrar v\u00ednculos de emprego no estado do Rio em outubro.<br>Entre os 92 munic\u00edpios fluminenses, 75 apresentaram saldo positivo no \u00faltimo m\u00eas. A cidade do Rio de Janeiro (+10.733) respondeu pela maior parte do saldo, seguida por Maca\u00e9 (+1.028), Duque de Caxias (+998), Itabora\u00ed (+491) e Para\u00edba do Sul (+385). Na an\u00e1lise por porte, as micro e pequenas empresas responderam por 12.138 novas vagas de empregos formais. J\u00e1 as m\u00e9dias e grandes empresas registraram 6.665 novos contratos de trabalho &#8211; o melhor desempenho desde mar\u00e7o.<\/p>\n","protected":false},"excerpt":{"rendered":"<p>Em outubro, cerca de 56% dos novos postos de trabalho em Petr\u00f3polis s\u00e3o oriundos da<\/p>\n","protected":false},"author":1,"featured_media":7568,"comment_status":"closed","ping_status":"open","sticky":false,"template":"","format":"standard","meta":{"spay_email":"","footnotes":"","jetpack_publicize_message":""},"categories":[2],"tags":[],"jetpack_featured_media_url":"https:\/\/i1.wp.com\/jornaldeitaipava.com.br\/wp-content\/uploads\/2020\/12\/INDUSTRIAS-1.jpg?fit=1163%2C647&ssl=1","jetpack_publicize_connections":[],"jetpack_sharing_enabled":true,"jetpack_likes_enabled":true,"jetpack-related-posts":[],"_links":{"self":[{"href":"https:\/\/jornaldeitaipava.com.br\/index.php\/wp-json\/wp\/v2\/posts\/37460"}],"collection":[{"href":"https:\/\/jornaldeitaipava.com.br\/index.php\/wp-json\/wp\/v2\/posts"}],"about":[{"href":"https:\/\/jornaldeitaipava.com.br\/index.php\/wp-json\/wp\/v2\/types\/post"}],"author":[{"embeddable":true,"href":"https:\/\/jornaldeitaipava.com.br\/index.php\/wp-json\/wp\/v2\/users\/1"}],"replies":[{"embeddable":true,"href":"https:\/\/jornaldeitaipava.com.br\/index.php\/wp-json\/wp\/v2\/comments?post=37460"}],"version-history":[{"count":1,"href":"https:\/\/jornaldeitaipava.com.br\/index.php\/wp-json\/wp\/v2\/posts\/37460\/revisions"}],"predecessor-version":[{"id":37461,"href":"https:\/\/jornaldeitaipava.com.br\/index.php\/wp-json\/wp\/v2\/posts\/37460\/revisions\/37461"}],"wp:featuredmedia":[{"embeddable":true,"href":"https:\/\/jornaldeitaipava.com.br\/index.php\/wp-json\/wp\/v2\/media\/7568"}],"wp:attachment":[{"href":"https:\/\/jornaldeitaipava.com.br\/index.php\/wp-json\/wp\/v2\/media?parent=37460"}],"wp:term":[{"taxonomy":"category","embeddable":true,"href":"https:\/\/jornaldeitaipava.com.br\/index.php\/wp-json\/wp\/v2\/categories?post=37460"},{"taxonomy":"post_tag","embeddable":true,"href":"https:\/\/jornaldeitaipava.com.br\/index.php\/wp-json\/wp\/v2\/tags?post=37460"}],"curies":[{"name":"wp","href":"https:\/\/api.w.org\/{rel}","templated":true}]}}