{"id":37462,"date":"2023-12-05T16:00:02","date_gmt":"2023-12-05T19:00:02","guid":{"rendered":"http:\/\/jornaldeitaipava.com.br\/?p=37462"},"modified":"2023-12-05T16:00:05","modified_gmt":"2023-12-05T19:00:05","slug":"presidente-da-camara-e-representantes-de-comissoes-legislativas-marcam-presenca-em-audiencia-especial-sobre-a-petro-ita-e-a-cascatinha-na-4a-vara-civel","status":"publish","type":"post","link":"https:\/\/jornaldeitaipava.com.br\/index.php\/2023\/12\/05\/presidente-da-camara-e-representantes-de-comissoes-legislativas-marcam-presenca-em-audiencia-especial-sobre-a-petro-ita-e-a-cascatinha-na-4a-vara-civel\/","title":{"rendered":"Presidente da C\u00e2mara e representantes de comiss\u00f5es legislativas marcam presen\u00e7a em audi\u00eancia especial sobre a Petro Ita e a Cascatinha na 4\u00aa Vara C\u00edvel"},"content":{"rendered":"\n<p>O presidente da C\u00e2mara Municipal, vereador J\u00fanior Coruja, participou nesta segunda-feira (4\/12) de audi\u00eancia especial na 4\u00aa Vara C\u00edvel com o Executivo, empresas de \u00f4nibus e Minist\u00e9rio P\u00fablico para discutir os problemas que v\u00eam sendo registrados pelas empresas Petro Ita e Cascatinha.<br>Os vereadores Hingo Hammes, presidente da Comiss\u00e3o de Transporte P\u00fablico e Mobilidade Urbana, J\u00falia Casamasso, presidente da Comiss\u00e3o Especial que verifica as concess\u00f5es e parcerias p\u00fablico-privadas, e Eduardo do Blog, que integra a Comiss\u00e3o de Transporte, tamb\u00e9m estiverem na audi\u00eancia, conduzida pelo juiz Jorge Martins.<br>O encontro foi realizado com o objetivo de discutir a situa\u00e7\u00e3o dos ve\u00edculos em opera\u00e7\u00e3o e a necessidade de substitui\u00e7\u00e3o dos \u00f4nibus sem condi\u00e7\u00f5es de circula\u00e7\u00e3o por outros que atendam as exig\u00eancias legais e garantam a seguran\u00e7a necess\u00e1ria \u00e0 opera\u00e7\u00e3o.<\/p>\n","protected":false},"excerpt":{"rendered":"<p>O presidente da C\u00e2mara Municipal, vereador J\u00fanior Coruja, participou nesta segunda-feira (4\/12) de audi\u00eancia especial<\/p>\n","protected":false},"author":1,"featured_media":37463,"comment_status":"closed","ping_status":"open","sticky":false,"template":"","format":"standard","meta":{"spay_email":"","footnotes":"","jetpack_publicize_message":""},"categories":[2],"tags":[],"jetpack_featured_media_url":"https:\/\/i2.wp.com\/jornaldeitaipava.com.br\/wp-content\/uploads\/2023\/12\/WhatsApp-Image-2023-12-05-at-14.23.50.jpeg?fit=643%2C405&ssl=1","jetpack_publicize_connections":[],"jetpack_sharing_enabled":true,"jetpack_likes_enabled":true,"jetpack-related-posts":[],"_links":{"self":[{"href":"https:\/\/jornaldeitaipava.com.br\/index.php\/wp-json\/wp\/v2\/posts\/37462"}],"collection":[{"href":"https:\/\/jornaldeitaipava.com.br\/index.php\/wp-json\/wp\/v2\/posts"}],"about":[{"href":"https:\/\/jornaldeitaipava.com.br\/index.php\/wp-json\/wp\/v2\/types\/post"}],"author":[{"embeddable":true,"href":"https:\/\/jornaldeitaipava.com.br\/index.php\/wp-json\/wp\/v2\/users\/1"}],"replies":[{"embeddable":true,"href":"https:\/\/jornaldeitaipava.com.br\/index.php\/wp-json\/wp\/v2\/comments?post=37462"}],"version-history":[{"count":1,"href":"https:\/\/jornaldeitaipava.com.br\/index.php\/wp-json\/wp\/v2\/posts\/37462\/revisions"}],"predecessor-version":[{"id":37464,"href":"https:\/\/jornaldeitaipava.com.br\/index.php\/wp-json\/wp\/v2\/posts\/37462\/revisions\/37464"}],"wp:featuredmedia":[{"embeddable":true,"href":"https:\/\/jornaldeitaipava.com.br\/index.php\/wp-json\/wp\/v2\/media\/37463"}],"wp:attachment":[{"href":"https:\/\/jornaldeitaipava.com.br\/index.php\/wp-json\/wp\/v2\/media?parent=37462"}],"wp:term":[{"taxonomy":"category","embeddable":true,"href":"https:\/\/jornaldeitaipava.com.br\/index.php\/wp-json\/wp\/v2\/categories?post=37462"},{"taxonomy":"post_tag","embeddable":true,"href":"https:\/\/jornaldeitaipava.com.br\/index.php\/wp-json\/wp\/v2\/tags?post=37462"}],"curies":[{"name":"wp","href":"https:\/\/api.w.org\/{rel}","templated":true}]}}