{"id":37466,"date":"2023-12-05T16:13:18","date_gmt":"2023-12-05T19:13:18","guid":{"rendered":"http:\/\/jornaldeitaipava.com.br\/?p=37466"},"modified":"2023-12-05T16:14:06","modified_gmt":"2023-12-05T19:14:06","slug":"natal-imperial-2023-prefeitura-inaugura-casa-do-papai-noel","status":"publish","type":"post","link":"https:\/\/jornaldeitaipava.com.br\/index.php\/2023\/12\/05\/natal-imperial-2023-prefeitura-inaugura-casa-do-papai-noel\/","title":{"rendered":"Natal Imperial 2023: inaugurada a Casa do Papai Noel"},"content":{"rendered":"\n<p>Uma das principais atra\u00e7\u00f5es do Natal Imperial foi aberta ao p\u00fablico no \u00faltimo domingo, 3. A Casa do Papai Noel, instalada no Pal\u00e1cio de Cristal, receber\u00e1 visitantes at\u00e9 o dia 7 de janeiro. Em evento especial, recheado de atra\u00e7\u00f5es, o bom velhinho chegou ao Pal\u00e1cio acompanhado do prefeito Rubens Bomtempo e secret\u00e1rios, em carreata que partiu da sede da Prefeitura (Avenida Koeler), com a presen\u00e7a de carros do Serra Bugs.<br>\u201cNatal \u00e9 alegria, \u00e9 tempo de aproveitarmos ainda mais os momentos com nossos familiares e amigos. Por isso, preparamos mais essa atra\u00e7\u00e3o para o Natal Imperial, para que todos os visitantes possam apreciar\u201d, pontuou o prefeito Rubens Bomtempo.<br>Joice Mesquita \u00e9 de Duque de Caxias e veio com o marido e a filha para aproveitar o Natal Imperial e a chegada do Papai Noel no Pal\u00e1cio de Cristal. \u201cTodo ano planejamos estar aqui em Petr\u00f3polis, e a cada ano que passa, o Natal Imperial se supera, \u00e9 mais bonito, estamos muito felizes! E desta vez trouxemos nossa filha Elisa, de cinco anos, que ficou super animada com a festa\u201d, disse.<br>Para fazer a contagem regressiva da abertura da Casa do Papai Noel, os visitantes do Pal\u00e1cio de Cristal receberam bal\u00f5es vermelhos, que coloriram o c\u00e9u ap\u00f3s serem lan\u00e7ados.<br>\u201cFoi uma festa linda! Estamos muito felizes de poder proporcionar momentos t\u00e3o especiais para todos que estavam ali presentes\u201d, destacou a presidente do Instituto Municipal de Cultura, Diana Iliescu.<br>O clima natalino do evento tamb\u00e9m contou com muita m\u00fasica, com a dupla Gabriel Reis e Gabriel Moreira, no violino e flauta transversa. Alice Figueredo, 58, \u00e9 de Queimados\/RJ e tamb\u00e9m veio com a fam\u00edlia para a chegada do Papai Noel. \u201cEst\u00e1 tudo muito lindo, e estou gostando muito da receptividade da cidade, tudo muito bem decorado\u201d, observou. \u201cSou f\u00e3 de carteirinha do Natal Imperial, venho todo ano a Petr\u00f3polis para conferir\u201d, completou Ana Paula Brito, 46, de S\u00e3o Jos\u00e9 do Vale do Rio Preto.<br>\u201cEstamos recebendo muitos turistas no Natal Imperial e ficamos muito contentes em poder recepcion\u00e1-los em nossa linda cidade, que fica ainda mais charmosa nesta \u00e9poca do ano. Tenho certeza que para os petropolitanos, a festa tamb\u00e9m \u00e9 motivo de orgulho\u201d, pontuou a secret\u00e1ria de Turismo, Silvia Guedon.<br>Luciana dos Anjos, 42, tamb\u00e9m acompanhou a carreata do Papai Noel at\u00e9 o Pal\u00e1cio de Cristal. \u201c Minha filha Isabela amou tudo, que festa linda, estou emocionada!\u201d, finalizou a moradora do Jardim Salvador.<\/p>\n","protected":false},"excerpt":{"rendered":"<p>Uma das principais atra\u00e7\u00f5es do Natal Imperial foi aberta ao p\u00fablico no \u00faltimo domingo, 3.<\/p>\n","protected":false},"author":1,"featured_media":37467,"comment_status":"closed","ping_status":"open","sticky":false,"template":"","format":"standard","meta":{"spay_email":"","footnotes":"","jetpack_publicize_message":""},"categories":[42],"tags":[],"jetpack_featured_media_url":"https:\/\/i1.wp.com\/jornaldeitaipava.com.br\/wp-content\/uploads\/2023\/12\/WhatsApp-Image-2023-12-04-at-18.32.22.jpeg?fit=1599%2C1066&ssl=1","jetpack_publicize_connections":[],"jetpack_sharing_enabled":true,"jetpack_likes_enabled":true,"jetpack-related-posts":[],"_links":{"self":[{"href":"https:\/\/jornaldeitaipava.com.br\/index.php\/wp-json\/wp\/v2\/posts\/37466"}],"collection":[{"href":"https:\/\/jornaldeitaipava.com.br\/index.php\/wp-json\/wp\/v2\/posts"}],"about":[{"href":"https:\/\/jornaldeitaipava.com.br\/index.php\/wp-json\/wp\/v2\/types\/post"}],"author":[{"embeddable":true,"href":"https:\/\/jornaldeitaipava.com.br\/index.php\/wp-json\/wp\/v2\/users\/1"}],"replies":[{"embeddable":true,"href":"https:\/\/jornaldeitaipava.com.br\/index.php\/wp-json\/wp\/v2\/comments?post=37466"}],"version-history":[{"count":2,"href":"https:\/\/jornaldeitaipava.com.br\/index.php\/wp-json\/wp\/v2\/posts\/37466\/revisions"}],"predecessor-version":[{"id":37469,"href":"https:\/\/jornaldeitaipava.com.br\/index.php\/wp-json\/wp\/v2\/posts\/37466\/revisions\/37469"}],"wp:featuredmedia":[{"embeddable":true,"href":"https:\/\/jornaldeitaipava.com.br\/index.php\/wp-json\/wp\/v2\/media\/37467"}],"wp:attachment":[{"href":"https:\/\/jornaldeitaipava.com.br\/index.php\/wp-json\/wp\/v2\/media?parent=37466"}],"wp:term":[{"taxonomy":"category","embeddable":true,"href":"https:\/\/jornaldeitaipava.com.br\/index.php\/wp-json\/wp\/v2\/categories?post=37466"},{"taxonomy":"post_tag","embeddable":true,"href":"https:\/\/jornaldeitaipava.com.br\/index.php\/wp-json\/wp\/v2\/tags?post=37466"}],"curies":[{"name":"wp","href":"https:\/\/api.w.org\/{rel}","templated":true}]}}