{"id":37470,"date":"2023-12-05T16:22:03","date_gmt":"2023-12-05T19:22:03","guid":{"rendered":"http:\/\/jornaldeitaipava.com.br\/?p=37470"},"modified":"2023-12-05T16:22:05","modified_gmt":"2023-12-05T19:22:05","slug":"prefeitura-vai-realizar-colonia-de-ferias-para-alunas-e-alunos-da-rede-municipal","status":"publish","type":"post","link":"https:\/\/jornaldeitaipava.com.br\/index.php\/2023\/12\/05\/prefeitura-vai-realizar-colonia-de-ferias-para-alunas-e-alunos-da-rede-municipal\/","title":{"rendered":"Prefeitura vai realizar Col\u00f4nia de F\u00e9rias para alunas e alunos da rede municipal"},"content":{"rendered":"\n<p>Est\u00e3o abertas as inscri\u00e7\u00f5es para a Col\u00f4nia de F\u00e9rias para alunos e alunas da rede municipal de ensino. O cadastro deve ser feito no site da Prefeitura (petropolis.rj.gov.br) at\u00e9 o dia 20 de dezembro. Podem se inscrever crian\u00e7as e adolescentes com idade entre seis e 16 anos. As vagas s\u00e3o limitadas.<br>A Col\u00f4nia de F\u00e9rias \u00e9 uma realiza\u00e7\u00e3o da Prefeitura de Petr\u00f3polis, por meio das secretarias de Educa\u00e7\u00e3o, de Esportes, de Sa\u00fade, de Cultura e de Seguran\u00e7a e Ordem P\u00fablico, por meio da Guarda Civil Municipal (GCM), da Defesa Civil (DC), da Companhia Petropolitana de Tr\u00e2nsito e Transportes (CPTrans) e o 26\u00ba Batalh\u00e3o de Pol\u00edcia Militar (BPM), com apoio do 32\u00ba Batalh\u00e3o de Infantaria Leve de Montanha &#8211; Dom Pedro II e da Vara da Inf\u00e2ncia e Juventude.<br>\u201cEssa \u00e9 mais uma parceria da Prefeitura com a Vara da Inf\u00e2ncia e o 32\u00ba Batalh\u00e3o que estamos desenvolvendo nesse ano. \u00c9 um projeto importante que vai levar esporte, cultura e sa\u00fade, em uma a\u00e7\u00e3o integrada da Prefeitura, para as nossas crian\u00e7as e adolescentes durante o recesso escolar\u201d, disse o prefeito Rubens Bomtempo.<br>A Col\u00f4nia de F\u00e9rias acontece no 32\u00ba Batalh\u00e3o de Infantaria Leve de Montanha entre os dias 22 e 26 de janeiro de 2024, de segunda a sexta-feira, das 8h30 \u00e0s 16h. As crian\u00e7as e adolescentes ter\u00e3o transporte (do Centro da Cidade para o Batalh\u00e3o); al\u00e9m de caf\u00e9 da manh\u00e3, almo\u00e7o e lanche.<br>\u201cVamos estar oferecendo diversas atividades esportivas, culturais, de sa\u00fade e de Defesa Civil, do tr\u00e2nsito, projetos da Educa\u00e7\u00e3o e tamb\u00e9m da Guarda Civil para as nossas alunas e alunos\u201d, disse a secret\u00e1ria de Educa\u00e7\u00e3o, Adriana de Paula.<\/p>\n\n\n\n<p><strong>Servi\u00e7o<br><\/strong>Col\u00f4nia de F\u00e9rias da Rede Municipal de Ensino<br>Inscri\u00e7\u00f5es: 05 a 20 de dezembro de 2023 (site da Prefeitura)<br>In\u00edcio da Col\u00f4nia de F\u00e9rias: 22 a 26 de janeiro de 2024<br>Hor\u00e1rio: 8h30 \u00e0s 16h de segunda a sexta-feira<br>Local: 32\u00ba Batalh\u00e3o de Infantaria Leve de Montanha &#8211; Dom Pedro II<\/p>\n","protected":false},"excerpt":{"rendered":"<p>Est\u00e3o abertas as inscri\u00e7\u00f5es para a Col\u00f4nia de F\u00e9rias para alunos e alunas da rede<\/p>\n","protected":false},"author":1,"featured_media":30380,"comment_status":"closed","ping_status":"open","sticky":false,"template":"","format":"standard","meta":{"spay_email":"","footnotes":"","jetpack_publicize_message":""},"categories":[2],"tags":[],"jetpack_featured_media_url":"https:\/\/i2.wp.com\/jornaldeitaipava.com.br\/wp-content\/uploads\/2022\/08\/batalhao.png?fit=931%2C479&ssl=1","jetpack_publicize_connections":[],"jetpack_sharing_enabled":true,"jetpack_likes_enabled":true,"jetpack-related-posts":[],"_links":{"self":[{"href":"https:\/\/jornaldeitaipava.com.br\/index.php\/wp-json\/wp\/v2\/posts\/37470"}],"collection":[{"href":"https:\/\/jornaldeitaipava.com.br\/index.php\/wp-json\/wp\/v2\/posts"}],"about":[{"href":"https:\/\/jornaldeitaipava.com.br\/index.php\/wp-json\/wp\/v2\/types\/post"}],"author":[{"embeddable":true,"href":"https:\/\/jornaldeitaipava.com.br\/index.php\/wp-json\/wp\/v2\/users\/1"}],"replies":[{"embeddable":true,"href":"https:\/\/jornaldeitaipava.com.br\/index.php\/wp-json\/wp\/v2\/comments?post=37470"}],"version-history":[{"count":1,"href":"https:\/\/jornaldeitaipava.com.br\/index.php\/wp-json\/wp\/v2\/posts\/37470\/revisions"}],"predecessor-version":[{"id":37471,"href":"https:\/\/jornaldeitaipava.com.br\/index.php\/wp-json\/wp\/v2\/posts\/37470\/revisions\/37471"}],"wp:featuredmedia":[{"embeddable":true,"href":"https:\/\/jornaldeitaipava.com.br\/index.php\/wp-json\/wp\/v2\/media\/30380"}],"wp:attachment":[{"href":"https:\/\/jornaldeitaipava.com.br\/index.php\/wp-json\/wp\/v2\/media?parent=37470"}],"wp:term":[{"taxonomy":"category","embeddable":true,"href":"https:\/\/jornaldeitaipava.com.br\/index.php\/wp-json\/wp\/v2\/categories?post=37470"},{"taxonomy":"post_tag","embeddable":true,"href":"https:\/\/jornaldeitaipava.com.br\/index.php\/wp-json\/wp\/v2\/tags?post=37470"}],"curies":[{"name":"wp","href":"https:\/\/api.w.org\/{rel}","templated":true}]}}