{"id":37472,"date":"2023-12-05T17:49:31","date_gmt":"2023-12-05T20:49:31","guid":{"rendered":"http:\/\/jornaldeitaipava.com.br\/?p=37472"},"modified":"2023-12-05T17:49:35","modified_gmt":"2023-12-05T20:49:35","slug":"prefeitura-anuncia-licitacao-para-as-linhas-operadas-pela-cascatinha","status":"publish","type":"post","link":"https:\/\/jornaldeitaipava.com.br\/index.php\/2023\/12\/05\/prefeitura-anuncia-licitacao-para-as-linhas-operadas-pela-cascatinha\/","title":{"rendered":"Prefeitura anuncia licita\u00e7\u00e3o para as linhas operadas pela Cascatinha"},"content":{"rendered":"\n<p>A Prefeitura de Petr\u00f3polis oficiou o Minist\u00e9rio P\u00fablico Criminal e a Pol\u00edcia Civil pedindo apura\u00e7\u00e3o rigorosa ap\u00f3s mais um inc\u00eandio e \u00f4nibus, registrado na madrugada desta ter\u00e7a (5). Um coletivo foi incendiado no bairro Sim\u00e9ria dez dias depois de fato similar ter acontecido na Avenida Get\u00falio Vargas, no Quitandinha.<br>O tema tamb\u00e9m est\u00e1 na pauta de reuni\u00e3o extraordin\u00e1ria do Conselho Municipal de Tr\u00e2nsito e Transporte (Comutran), convocada para esta ter\u00e7a. Uma s\u00e9rie de coincidi\u00eancias chamam a aten\u00e7\u00e3o: dois eventos da mesma natureza (inc\u00eandio), que atingiram ve\u00edculos de uma mesma empresa (a Petro Ita), e ambos ocorreram durante a madrugada. Tudo isso quase sete meses ap\u00f3s o inc\u00eandio de grandes propor\u00e7\u00f5es na garagem da Petro Ita e da Via\u00e7\u00e3o Cascatinha, que destru\u00edram mais de 70 \u00f4nibus. As duas empresas, juntas, atendem a 40% do munic\u00edpio.<br>\u201cH\u00e1 quase sete meses ocorreu o inc\u00eandio criminoso, conforme laudos do Corpo de Bombeiros e da CPTrans, e at\u00e9 agora n\u00e3o tivemos acesso ao laudo da Policia Civil. Queremos que os respons\u00e1veis sejam identificados e punidos. Queremos e exigimos respostas dos \u00f3rg\u00e3os de seguran\u00e7a\u201d, disse o prefeito Rubens Bomtempo.<br>O presidente da CPTrans, Thiago Damasceno, v\u00ea com estranheza mais esse epis\u00f3dio de \u00f4nibus incendiado. \u201cEm menos de uma semana, foram dois \u00f4nibus da mesma empresa incendiado em circunst\u00e2ncias muito parecidas. E tudo isso meses depois de um grande inc\u00eandio que destruiu mais de 70 \u00f4nibus. Isso precisa ser investigado e com rigor\u201d, comentou Damaceno.<br>Para o prefeito Rubens Bomtempo, esses epis\u00f3dios tem como objetivo gerar o caos no transporte p\u00fablico, que vinha sendo reestruturado antes do grande inc\u00eandio no dia 9 de maio, com a renova\u00e7\u00e3o gradual da frota. \u201cN\u00e3o vamos nos calar. A popula\u00e7\u00e3o petropolitana quer respostas e vamos cobrar para que os respons\u00e1veis sejam punidos\u201d, ressaltou o prefeito.<\/p>\n\n\n\n<p><\/p>\n\n\n\n<h2 class=\"wp-block-heading\"><strong>Prefeitura vai realizar a licita\u00e7\u00e3o das linhas da Via\u00e7\u00e3o Cascatinha<\/strong><\/h2>\n\n\n\n<p><strong><br><\/strong>Por meio da CPTrans, a Prefeitura anunciou tamb\u00e9m a licita\u00e7\u00e3o das linhas operadas atualmente pela Via\u00e7\u00e3o Cascatinha. O edital deve ser publicado ainda neste ano. \u201cH\u00e1 dois anos estamos aguardando um posicionamento do Tribunal de Contas do Estado (TCE), que n\u00e3o avaliou um embargo da empresa de \u00f4nibus com rela\u00e7\u00e3o a licita\u00e7\u00e3o. Vamos dar continuidade ao processo licitat\u00f3rio porque a quest\u00e3o \u00e9 urgente\u201d, disse o prefeito Rubens Bomtempo.<\/p>\n\n\n\n<p><strong><br><\/strong>A atual gest\u00e3o da Prefeitura vem cobrando das empresas de \u00f4nibus da cidade (Petro Ita, Cascatinha, Cidade Real, Cidade das Hort\u00eansias e Turp), que mantenham os ve\u00edculos em condi\u00e7\u00f5es de atender com seguran\u00e7a os usu\u00e1rios do transporte p\u00fablico. Por meio do termo de coopera\u00e7\u00e3o com o Setranspetro, no fim do ano passado, onde as empresas se comprometeram a renovar a frota de \u00f4nibus, 95 ve\u00edculos novos e seminovos foram colocados no sistema de transporte p\u00fablico.<\/p>\n","protected":false},"excerpt":{"rendered":"<p>A Prefeitura de Petr\u00f3polis oficiou o Minist\u00e9rio P\u00fablico Criminal e a Pol\u00edcia Civil pedindo apura\u00e7\u00e3o<\/p>\n","protected":false},"author":1,"featured_media":18512,"comment_status":"closed","ping_status":"open","sticky":false,"template":"","format":"standard","meta":{"spay_email":"","footnotes":"","jetpack_publicize_message":""},"categories":[24],"tags":[],"jetpack_featured_media_url":"https:\/\/i2.wp.com\/jornaldeitaipava.com.br\/wp-content\/uploads\/2021\/08\/onibus-eixo.png?fit=428%2C302&ssl=1","jetpack_publicize_connections":[],"jetpack_sharing_enabled":true,"jetpack_likes_enabled":true,"jetpack-related-posts":[],"_links":{"self":[{"href":"https:\/\/jornaldeitaipava.com.br\/index.php\/wp-json\/wp\/v2\/posts\/37472"}],"collection":[{"href":"https:\/\/jornaldeitaipava.com.br\/index.php\/wp-json\/wp\/v2\/posts"}],"about":[{"href":"https:\/\/jornaldeitaipava.com.br\/index.php\/wp-json\/wp\/v2\/types\/post"}],"author":[{"embeddable":true,"href":"https:\/\/jornaldeitaipava.com.br\/index.php\/wp-json\/wp\/v2\/users\/1"}],"replies":[{"embeddable":true,"href":"https:\/\/jornaldeitaipava.com.br\/index.php\/wp-json\/wp\/v2\/comments?post=37472"}],"version-history":[{"count":1,"href":"https:\/\/jornaldeitaipava.com.br\/index.php\/wp-json\/wp\/v2\/posts\/37472\/revisions"}],"predecessor-version":[{"id":37473,"href":"https:\/\/jornaldeitaipava.com.br\/index.php\/wp-json\/wp\/v2\/posts\/37472\/revisions\/37473"}],"wp:featuredmedia":[{"embeddable":true,"href":"https:\/\/jornaldeitaipava.com.br\/index.php\/wp-json\/wp\/v2\/media\/18512"}],"wp:attachment":[{"href":"https:\/\/jornaldeitaipava.com.br\/index.php\/wp-json\/wp\/v2\/media?parent=37472"}],"wp:term":[{"taxonomy":"category","embeddable":true,"href":"https:\/\/jornaldeitaipava.com.br\/index.php\/wp-json\/wp\/v2\/categories?post=37472"},{"taxonomy":"post_tag","embeddable":true,"href":"https:\/\/jornaldeitaipava.com.br\/index.php\/wp-json\/wp\/v2\/tags?post=37472"}],"curies":[{"name":"wp","href":"https:\/\/api.w.org\/{rel}","templated":true}]}}