{"id":37474,"date":"2023-12-05T18:14:48","date_gmt":"2023-12-05T21:14:48","guid":{"rendered":"http:\/\/jornaldeitaipava.com.br\/?p=37474"},"modified":"2023-12-05T18:14:51","modified_gmt":"2023-12-05T21:14:51","slug":"feirinha-de-itaipava-funcionara-todos-os-dias-a-partir-desta-quarta-feira","status":"publish","type":"post","link":"https:\/\/jornaldeitaipava.com.br\/index.php\/2023\/12\/05\/feirinha-de-itaipava-funcionara-todos-os-dias-a-partir-desta-quarta-feira\/","title":{"rendered":"Feirinha de Itaipava funcionar\u00e1 todos os dias a partir desta quarta-feira"},"content":{"rendered":"\n<p>Para atender \u00e0 crescente demanda de compras de fim de ano, a Feirinha de Itaipava estar\u00e1 aberta diariamente a partir desta quarta-feira (06), com hor\u00e1rio de funcionamento das 10h \u00e0s 19h. A exce\u00e7\u00e3o ocorre apenas no dia 25, quando o Natal \u00e9 celebrado. O polo de moda, composto por quase 400 estandes, apresenta uma ampla variedade de produtos, desde roupas femininas, masculinas e infantis at\u00e9 cal\u00e7ados, acess\u00f3rios, itens para pets, decora\u00e7\u00e3o, artesanatos e muito mais.<\/p>\n\n\n\n<p>Segundo a Confedera\u00e7\u00e3o Nacional do Com\u00e9rcio (CNC), as vendas de Natal devem registrar um aumento de aproximadamente 5,6% neste ano, o que marca o maior salto desde 2013, quando alcan\u00e7ou 4,9%. Em Petr\u00f3polis, o p\u00fablico j\u00e1 come\u00e7a a garantir as compras de fim de ano, e o clima \u00e9 de otimismo na Feirinha de Itaipava.<\/p>\n\n\n\n<p>\u201cNesta primeira semana de dezembro, notamos um movimento significativo na Feirinha, e a expectativa \u00e9 de aumento nas vendas. Al\u00e9m das compras de Natal, o p\u00fablico tem desfrutado da atmosfera encantadora proporcionada pela decora\u00e7\u00e3o especial que preparamos, criando um ambiente acolhedor e festivo\u201d, finaliza o administrador da Feirinha, S\u00e9rgio G-t\u00e3o.<br>Uma grande caixa de presente chama a aten\u00e7\u00e3o dos visitantes do polo de moda, oferecendo o cen\u00e1rio perfeito para registrar fotos em uma poltrona ao lado do Papai Noel e das \u00e1rvores de Natal. O encanto se estende pelos corredores, decorados com fitas chamativas e um elegante tapete vermelho, criando uma atmosfera envolvente que remete \u00e0 temporada festiva.&nbsp;<\/p>\n","protected":false},"excerpt":{"rendered":"<p>Para atender \u00e0 crescente demanda de compras de fim de ano, a Feirinha de Itaipava<\/p>\n","protected":false},"author":1,"featured_media":37475,"comment_status":"closed","ping_status":"open","sticky":false,"template":"","format":"standard","meta":{"spay_email":"","footnotes":"","jetpack_publicize_message":""},"categories":[42],"tags":[],"jetpack_featured_media_url":"https:\/\/i0.wp.com\/jornaldeitaipava.com.br\/wp-content\/uploads\/2023\/12\/Feirinha-2-scaled.jpg?fit=2560%2C1573&ssl=1","jetpack_publicize_connections":[],"jetpack_sharing_enabled":true,"jetpack_likes_enabled":true,"jetpack-related-posts":[],"_links":{"self":[{"href":"https:\/\/jornaldeitaipava.com.br\/index.php\/wp-json\/wp\/v2\/posts\/37474"}],"collection":[{"href":"https:\/\/jornaldeitaipava.com.br\/index.php\/wp-json\/wp\/v2\/posts"}],"about":[{"href":"https:\/\/jornaldeitaipava.com.br\/index.php\/wp-json\/wp\/v2\/types\/post"}],"author":[{"embeddable":true,"href":"https:\/\/jornaldeitaipava.com.br\/index.php\/wp-json\/wp\/v2\/users\/1"}],"replies":[{"embeddable":true,"href":"https:\/\/jornaldeitaipava.com.br\/index.php\/wp-json\/wp\/v2\/comments?post=37474"}],"version-history":[{"count":1,"href":"https:\/\/jornaldeitaipava.com.br\/index.php\/wp-json\/wp\/v2\/posts\/37474\/revisions"}],"predecessor-version":[{"id":37476,"href":"https:\/\/jornaldeitaipava.com.br\/index.php\/wp-json\/wp\/v2\/posts\/37474\/revisions\/37476"}],"wp:featuredmedia":[{"embeddable":true,"href":"https:\/\/jornaldeitaipava.com.br\/index.php\/wp-json\/wp\/v2\/media\/37475"}],"wp:attachment":[{"href":"https:\/\/jornaldeitaipava.com.br\/index.php\/wp-json\/wp\/v2\/media?parent=37474"}],"wp:term":[{"taxonomy":"category","embeddable":true,"href":"https:\/\/jornaldeitaipava.com.br\/index.php\/wp-json\/wp\/v2\/categories?post=37474"},{"taxonomy":"post_tag","embeddable":true,"href":"https:\/\/jornaldeitaipava.com.br\/index.php\/wp-json\/wp\/v2\/tags?post=37474"}],"curies":[{"name":"wp","href":"https:\/\/api.w.org\/{rel}","templated":true}]}}