{"id":37478,"date":"2023-12-06T17:50:33","date_gmt":"2023-12-06T20:50:33","guid":{"rendered":"http:\/\/jornaldeitaipava.com.br\/?p=37478"},"modified":"2023-12-06T17:50:37","modified_gmt":"2023-12-06T20:50:37","slug":"natal-imperial-2023-cameras-do-cimop-e-guarda-civil-intensificam-fiscalizacao-para-inibir-atos-de-vandalismo-em-decoracao","status":"publish","type":"post","link":"https:\/\/jornaldeitaipava.com.br\/index.php\/2023\/12\/06\/natal-imperial-2023-cameras-do-cimop-e-guarda-civil-intensificam-fiscalizacao-para-inibir-atos-de-vandalismo-em-decoracao\/","title":{"rendered":"Natal Imperial 2023: C\u00e2meras do CIMOP e Guarda Civil intensificam fiscaliza\u00e7\u00e3o para inibir atos de vandalismo em decora\u00e7\u00e3o"},"content":{"rendered":"\n<p>A Prefeitura est\u00e1 atuando de forma preventiva para inibir os atos de vandalismo nos itens decorativos do Natal Imperial. Por isso, as c\u00e2meras do Centro Integrado de Monitoramento e Opera\u00e7\u00f5es de Petr\u00f3polis (CIMOP) e a Secretaria de Servi\u00e7os, Seguran\u00e7a e Ordem P\u00fablica (SSSOP), por meio da Guarda Municipal, est\u00e3o operando em conjunto para identificar poss\u00edveis atos de depreda\u00e7\u00e3o.<\/p>\n\n\n\n<p>\u201cNeste ano a decora\u00e7\u00e3o natalina contemplou todo o centro hist\u00f3rico e por isso, refor\u00e7amos e ampliamos a fiscaliza\u00e7\u00e3o, para que atos de vandalismo sejam responsabilizados\u201d, destacou o prefeito Rubens Bomtempo.<\/p>\n\n\n\n<p>Entre os locais que receberam a instala\u00e7\u00e3o das luzes natalinas est\u00e3o o Pal\u00e1cio de Cristal, Pra\u00e7a da Liberdade, Pra\u00e7a Duque de Caxias (Pra\u00e7a do Skate), as ruas do Imperador, Paulo Barbosa, 16 de mar\u00e7o e Alencar Lima, avenida Koeler e Roberto Silveira, entre outras vias.<\/p>\n\n\n\n<p>\u201cAo ser pego, o infrator ser\u00e1 conduzido \u00e0 delegacia e a Guarda Civil ser\u00e1 respons\u00e1vel por fazer o boletim de ocorr\u00eancia\u201d, finalizou o secret\u00e1rio de Servi\u00e7os, Seguran\u00e7a e Ordem P\u00fablica, Almir Schmidt.<\/p>\n","protected":false},"excerpt":{"rendered":"<p>A Prefeitura est\u00e1 atuando de forma preventiva para inibir os atos de vandalismo nos itens<\/p>\n","protected":false},"author":1,"featured_media":37479,"comment_status":"closed","ping_status":"open","sticky":false,"template":"","format":"standard","meta":{"spay_email":"","footnotes":"","jetpack_publicize_message":""},"categories":[2],"tags":[],"jetpack_featured_media_url":"https:\/\/i0.wp.com\/jornaldeitaipava.com.br\/wp-content\/uploads\/2023\/12\/CIMOP.jpeg?fit=700%2C470&ssl=1","jetpack_publicize_connections":[],"jetpack_sharing_enabled":true,"jetpack_likes_enabled":true,"jetpack-related-posts":[],"_links":{"self":[{"href":"https:\/\/jornaldeitaipava.com.br\/index.php\/wp-json\/wp\/v2\/posts\/37478"}],"collection":[{"href":"https:\/\/jornaldeitaipava.com.br\/index.php\/wp-json\/wp\/v2\/posts"}],"about":[{"href":"https:\/\/jornaldeitaipava.com.br\/index.php\/wp-json\/wp\/v2\/types\/post"}],"author":[{"embeddable":true,"href":"https:\/\/jornaldeitaipava.com.br\/index.php\/wp-json\/wp\/v2\/users\/1"}],"replies":[{"embeddable":true,"href":"https:\/\/jornaldeitaipava.com.br\/index.php\/wp-json\/wp\/v2\/comments?post=37478"}],"version-history":[{"count":1,"href":"https:\/\/jornaldeitaipava.com.br\/index.php\/wp-json\/wp\/v2\/posts\/37478\/revisions"}],"predecessor-version":[{"id":37480,"href":"https:\/\/jornaldeitaipava.com.br\/index.php\/wp-json\/wp\/v2\/posts\/37478\/revisions\/37480"}],"wp:featuredmedia":[{"embeddable":true,"href":"https:\/\/jornaldeitaipava.com.br\/index.php\/wp-json\/wp\/v2\/media\/37479"}],"wp:attachment":[{"href":"https:\/\/jornaldeitaipava.com.br\/index.php\/wp-json\/wp\/v2\/media?parent=37478"}],"wp:term":[{"taxonomy":"category","embeddable":true,"href":"https:\/\/jornaldeitaipava.com.br\/index.php\/wp-json\/wp\/v2\/categories?post=37478"},{"taxonomy":"post_tag","embeddable":true,"href":"https:\/\/jornaldeitaipava.com.br\/index.php\/wp-json\/wp\/v2\/tags?post=37478"}],"curies":[{"name":"wp","href":"https:\/\/api.w.org\/{rel}","templated":true}]}}