{"id":37484,"date":"2023-12-06T17:53:57","date_gmt":"2023-12-06T20:53:57","guid":{"rendered":"http:\/\/jornaldeitaipava.com.br\/?p=37484"},"modified":"2023-12-06T17:53:59","modified_gmt":"2023-12-06T20:53:59","slug":"exposicao-de-presepios-da-rede-municipal-conta-com-63-trabalhos-da-educacao-infantil","status":"publish","type":"post","link":"https:\/\/jornaldeitaipava.com.br\/index.php\/2023\/12\/06\/exposicao-de-presepios-da-rede-municipal-conta-com-63-trabalhos-da-educacao-infantil\/","title":{"rendered":"Exposi\u00e7\u00e3o de Pres\u00e9pios da Rede Municipal conta com 63 trabalhos da Educa\u00e7\u00e3o Infantil"},"content":{"rendered":"\n<p>A segunda edi\u00e7\u00e3o da Exposi\u00e7\u00e3o de Pres\u00e9pios da Rede Municipal de Ensino j\u00e1 come\u00e7ou. A mostra faz parte da programa\u00e7\u00e3o do Natal Imperial 2023, que vai at\u00e9 o dia sete de janeiro, promovida pela Prefeitura de Petr\u00f3polis e entidades parceiras.<br>A exposi\u00e7\u00e3o conta com 63 pres\u00e9pios produzidos por alunas e alunos da Educa\u00e7\u00e3o Infantil. A mostra segue at\u00e9 o dia 22 de dezembro no P\u00e1tio Shopping Petr\u00f3polis (segundo piso). A visita\u00e7\u00e3o \u00e9 gratuita e acontece diariamente, das 10h \u00e0s 22h.<br>\u201cMais uma vez as crian\u00e7as capricharam e os trabalhos est\u00e3o lindos e encantadores. Elas mostraram toda a criatividade, usando os mais diversos tipos de materiais e tamb\u00e9m muita sensibilidade na hora de montar os pres\u00e9pios. Est\u00e3o todos e todas convidados a visitarem a exposi\u00e7\u00e3o\u201d, disse a secret\u00e1ria de Educa\u00e7\u00e3o, Adriana de Paula.<\/p>\n","protected":false},"excerpt":{"rendered":"<p>A segunda edi\u00e7\u00e3o da Exposi\u00e7\u00e3o de Pres\u00e9pios da Rede Municipal de Ensino j\u00e1 come\u00e7ou. A<\/p>\n","protected":false},"author":1,"featured_media":37485,"comment_status":"closed","ping_status":"open","sticky":false,"template":"","format":"standard","meta":{"spay_email":"","footnotes":"","jetpack_publicize_message":""},"categories":[1],"tags":[],"jetpack_featured_media_url":"https:\/\/i1.wp.com\/jornaldeitaipava.com.br\/wp-content\/uploads\/2023\/12\/WhatsApp-Image-2023-12-06-at-11.09.02.jpeg?fit=1280%2C853&ssl=1","jetpack_publicize_connections":[],"jetpack_sharing_enabled":true,"jetpack_likes_enabled":true,"jetpack-related-posts":[],"_links":{"self":[{"href":"https:\/\/jornaldeitaipava.com.br\/index.php\/wp-json\/wp\/v2\/posts\/37484"}],"collection":[{"href":"https:\/\/jornaldeitaipava.com.br\/index.php\/wp-json\/wp\/v2\/posts"}],"about":[{"href":"https:\/\/jornaldeitaipava.com.br\/index.php\/wp-json\/wp\/v2\/types\/post"}],"author":[{"embeddable":true,"href":"https:\/\/jornaldeitaipava.com.br\/index.php\/wp-json\/wp\/v2\/users\/1"}],"replies":[{"embeddable":true,"href":"https:\/\/jornaldeitaipava.com.br\/index.php\/wp-json\/wp\/v2\/comments?post=37484"}],"version-history":[{"count":1,"href":"https:\/\/jornaldeitaipava.com.br\/index.php\/wp-json\/wp\/v2\/posts\/37484\/revisions"}],"predecessor-version":[{"id":37486,"href":"https:\/\/jornaldeitaipava.com.br\/index.php\/wp-json\/wp\/v2\/posts\/37484\/revisions\/37486"}],"wp:featuredmedia":[{"embeddable":true,"href":"https:\/\/jornaldeitaipava.com.br\/index.php\/wp-json\/wp\/v2\/media\/37485"}],"wp:attachment":[{"href":"https:\/\/jornaldeitaipava.com.br\/index.php\/wp-json\/wp\/v2\/media?parent=37484"}],"wp:term":[{"taxonomy":"category","embeddable":true,"href":"https:\/\/jornaldeitaipava.com.br\/index.php\/wp-json\/wp\/v2\/categories?post=37484"},{"taxonomy":"post_tag","embeddable":true,"href":"https:\/\/jornaldeitaipava.com.br\/index.php\/wp-json\/wp\/v2\/tags?post=37484"}],"curies":[{"name":"wp","href":"https:\/\/api.w.org\/{rel}","templated":true}]}}