{"id":37487,"date":"2023-12-06T17:56:10","date_gmt":"2023-12-06T20:56:10","guid":{"rendered":"http:\/\/jornaldeitaipava.com.br\/?p=37487"},"modified":"2023-12-06T17:56:11","modified_gmt":"2023-12-06T20:56:11","slug":"vereador-propoe-criacao-da-campanha-animal-nao-e-brinquedo","status":"publish","type":"post","link":"https:\/\/jornaldeitaipava.com.br\/index.php\/2023\/12\/06\/vereador-propoe-criacao-da-campanha-animal-nao-e-brinquedo\/","title":{"rendered":"Vereador prop\u00f5e cria\u00e7\u00e3o da campanha \u201cAnimal N\u00e3o \u00e9 Brinquedo\u201d"},"content":{"rendered":"\n<p>A C\u00e2mara Municipal aprovou, nesta quarta-feira (06), um projeto de lei de autoria do vereador Domingos Protetor que inclui no calend\u00e1rio oficial de eventos de Petr\u00f3polis a campanha \u201cAnimal N\u00e3o \u00e9 Brinquedo\u201d, a ser realizada anualmente, na semana do dia 11 de dezembro.<br>O objetivo \u00e9 que seja uma semana de conscientiza\u00e7\u00e3o e orienta\u00e7\u00e3o da popula\u00e7\u00e3o e tutores de animais sobre a guarda respons\u00e1vel. \u201cAo adotar um animal de estima\u00e7\u00e3o, um conjunto de regras b\u00e1sicas deve ser seguido, pois s\u00e3o seres vivos que sentem frio, sede, fome, solid\u00e3o e dor. Portanto, s\u00e3o deveres do tutor alimentar, manter \u00e1gua fresca, limpa e sempre dispon\u00edvel, oferecer abrigo adequado, se preocupar com a sa\u00fade do animal, al\u00e9m de dar amor e carinho. Animais n\u00e3o s\u00e3o brinquedos e trat\u00e1-los como objeto \u00e9 inadmiss\u00edvel\u201d, defende o vereador.<br>O texto aprovado sugere, ainda, que seja divulgado nas institui\u00e7\u00f5es de ensino p\u00fablicas e particulares, da educa\u00e7\u00e3o infantil e do ensino fundamental, os cuidados que todos devem ter com os animais. Reparti\u00e7\u00f5es p\u00fablicas tamb\u00e9m dever\u00e3o afixar cartazes com os dizeres: \u201cAnimal N\u00e3o \u00e9 Brinquedo\u201d.<br>O projeto de lei refor\u00e7a que est\u00e1 em vigor a lei 14.064\/2020 que aumentou a pena para quem maltratar c\u00e3es e gatos para dois a cinco anos de reclus\u00e3o.<br>O texto aguarda aprecia\u00e7\u00e3o do Poder Executivo.<\/p>\n","protected":false},"excerpt":{"rendered":"<p>A C\u00e2mara Municipal aprovou, nesta quarta-feira (06), um projeto de lei de autoria do vereador<\/p>\n","protected":false},"author":1,"featured_media":37488,"comment_status":"closed","ping_status":"open","sticky":false,"template":"","format":"standard","meta":{"spay_email":"","footnotes":"","jetpack_publicize_message":""},"categories":[2],"tags":[],"jetpack_featured_media_url":"https:\/\/i2.wp.com\/jornaldeitaipava.com.br\/wp-content\/uploads\/2023\/12\/WhatsApp-Image-2023-12-06-at-16.30.27.jpeg?fit=1600%2C1066&ssl=1","jetpack_publicize_connections":[],"jetpack_sharing_enabled":true,"jetpack_likes_enabled":true,"jetpack-related-posts":[],"_links":{"self":[{"href":"https:\/\/jornaldeitaipava.com.br\/index.php\/wp-json\/wp\/v2\/posts\/37487"}],"collection":[{"href":"https:\/\/jornaldeitaipava.com.br\/index.php\/wp-json\/wp\/v2\/posts"}],"about":[{"href":"https:\/\/jornaldeitaipava.com.br\/index.php\/wp-json\/wp\/v2\/types\/post"}],"author":[{"embeddable":true,"href":"https:\/\/jornaldeitaipava.com.br\/index.php\/wp-json\/wp\/v2\/users\/1"}],"replies":[{"embeddable":true,"href":"https:\/\/jornaldeitaipava.com.br\/index.php\/wp-json\/wp\/v2\/comments?post=37487"}],"version-history":[{"count":1,"href":"https:\/\/jornaldeitaipava.com.br\/index.php\/wp-json\/wp\/v2\/posts\/37487\/revisions"}],"predecessor-version":[{"id":37489,"href":"https:\/\/jornaldeitaipava.com.br\/index.php\/wp-json\/wp\/v2\/posts\/37487\/revisions\/37489"}],"wp:featuredmedia":[{"embeddable":true,"href":"https:\/\/jornaldeitaipava.com.br\/index.php\/wp-json\/wp\/v2\/media\/37488"}],"wp:attachment":[{"href":"https:\/\/jornaldeitaipava.com.br\/index.php\/wp-json\/wp\/v2\/media?parent=37487"}],"wp:term":[{"taxonomy":"category","embeddable":true,"href":"https:\/\/jornaldeitaipava.com.br\/index.php\/wp-json\/wp\/v2\/categories?post=37487"},{"taxonomy":"post_tag","embeddable":true,"href":"https:\/\/jornaldeitaipava.com.br\/index.php\/wp-json\/wp\/v2\/tags?post=37487"}],"curies":[{"name":"wp","href":"https:\/\/api.w.org\/{rel}","templated":true}]}}