{"id":37490,"date":"2023-12-06T17:57:39","date_gmt":"2023-12-06T20:57:39","guid":{"rendered":"http:\/\/jornaldeitaipava.com.br\/?p=37490"},"modified":"2023-12-06T17:57:41","modified_gmt":"2023-12-06T20:57:41","slug":"camara-abre-prazo-para-apresentacao-de-emendas-a-loa-2024","status":"publish","type":"post","link":"https:\/\/jornaldeitaipava.com.br\/index.php\/2023\/12\/06\/camara-abre-prazo-para-apresentacao-de-emendas-a-loa-2024\/","title":{"rendered":"C\u00e2mara abre prazo para apresenta\u00e7\u00e3o de emendas \u00e0 LOA 2024"},"content":{"rendered":"\n<p>A C\u00e2mara Municipal de Petr\u00f3polis abriu nesta quarta-feira (6\/12) prazo para o recebimento de emendas dos vereadores e dos cidad\u00e3os \u00e0 Lei de Or\u00e7ament\u00e1ria Anual de 2024. As sugest\u00f5es emendas devem ser protocoladas diretamente no Departamento Legislativo da Casa, que funciona de segunda a sexta-feira, das 9h \u00e0s 18h. Tamb\u00e9m podem ser propostas diretamente \u00e0 Comiss\u00e3o de Finan\u00e7as e Or\u00e7amento ou a um dos 15 vereadores. O Projeto de Lei 5840\/2023, que traz a LOA 2024, foi encaminhado pela Prefeitura e est\u00e1 dispon\u00edvel na \u00e1rea da Secretaria Legislativa no site da C\u00e2mara Petr\u00f3polis.<br>Presidente da Comiss\u00e3o de Finan\u00e7as e Or\u00e7amento, o vereador Gil Magno explicou que o governo municipal protocolou o substitutivo do projeto na tarde de ter\u00e7a-feira, dia 5 de dezembro. O substitutivo foi necess\u00e1rio porque foram verificadas pend\u00eancias no texto entregue pelo Poder Executivo \u00e0 C\u00e2mara anteriormente.<br>\u201cA LOA \u00e9 instrumento de planejamento obrigat\u00f3rio, que prev\u00ea a origem das receitas e gerencia a aplica\u00e7\u00e3o dos recursos p\u00fablicos para o per\u00edodo seguinte (neste caso, o ano de 2024). A Prefeitura elabora a LOA, que deve ser encaminhada ao Legislativo para an\u00e1lise e emendas\u201d, explicou.<br>\u201c\u00c9 uma forma de ampliar a participa\u00e7\u00e3o popular no Legislativo, al\u00e9m de promover a transpar\u00eancia no uso dos recursos financeiros de nossa cidade, pois mais pessoas passam a entender como \u00e9 feita a pe\u00e7a or\u00e7ament\u00e1ria\u201d, detalhou Gil Magno.<br>As emendas protocoladas pela popula\u00e7\u00e3o ser\u00e3o encaminhadas \u00e0 Comiss\u00e3o de Finan\u00e7as para que sejam adequadas \u00e0 forma regimental e tamb\u00e9m para que seja feita a verifica\u00e7\u00e3o das regras estabelecidas na Lei Org\u00e2nica Municipal e no Regimento Interno da C\u00e2mara.<br>No dia 20 de dezembro, a C\u00e2mara far\u00e1 audi\u00eancia p\u00fablica para a defesa das propostas de emendas. Ser\u00e1 a partir das 13h no plen\u00e1rio da C\u00e2mara Municipal. A audi\u00eancia poder\u00e1 ser acompanhada presencialmente, pela TV C\u00e2mara (Canal 98 da Speed Fiber\/Tech Cable) ou tamb\u00e9m pela internet, no canal da C\u00e2mara Municipal de Petr\u00f3polis no Youtube.<\/p>\n","protected":false},"excerpt":{"rendered":"<p>A C\u00e2mara Municipal de Petr\u00f3polis abriu nesta quarta-feira (6\/12) prazo para o recebimento de emendas<\/p>\n","protected":false},"author":1,"featured_media":10294,"comment_status":"closed","ping_status":"open","sticky":false,"template":"","format":"standard","meta":{"spay_email":"","footnotes":"","jetpack_publicize_message":""},"categories":[24],"tags":[],"jetpack_featured_media_url":"https:\/\/i2.wp.com\/jornaldeitaipava.com.br\/wp-content\/uploads\/2021\/02\/camara-2.jpg?fit=529%2C292&ssl=1","jetpack_publicize_connections":[],"jetpack_sharing_enabled":true,"jetpack_likes_enabled":true,"jetpack-related-posts":[],"_links":{"self":[{"href":"https:\/\/jornaldeitaipava.com.br\/index.php\/wp-json\/wp\/v2\/posts\/37490"}],"collection":[{"href":"https:\/\/jornaldeitaipava.com.br\/index.php\/wp-json\/wp\/v2\/posts"}],"about":[{"href":"https:\/\/jornaldeitaipava.com.br\/index.php\/wp-json\/wp\/v2\/types\/post"}],"author":[{"embeddable":true,"href":"https:\/\/jornaldeitaipava.com.br\/index.php\/wp-json\/wp\/v2\/users\/1"}],"replies":[{"embeddable":true,"href":"https:\/\/jornaldeitaipava.com.br\/index.php\/wp-json\/wp\/v2\/comments?post=37490"}],"version-history":[{"count":1,"href":"https:\/\/jornaldeitaipava.com.br\/index.php\/wp-json\/wp\/v2\/posts\/37490\/revisions"}],"predecessor-version":[{"id":37491,"href":"https:\/\/jornaldeitaipava.com.br\/index.php\/wp-json\/wp\/v2\/posts\/37490\/revisions\/37491"}],"wp:featuredmedia":[{"embeddable":true,"href":"https:\/\/jornaldeitaipava.com.br\/index.php\/wp-json\/wp\/v2\/media\/10294"}],"wp:attachment":[{"href":"https:\/\/jornaldeitaipava.com.br\/index.php\/wp-json\/wp\/v2\/media?parent=37490"}],"wp:term":[{"taxonomy":"category","embeddable":true,"href":"https:\/\/jornaldeitaipava.com.br\/index.php\/wp-json\/wp\/v2\/categories?post=37490"},{"taxonomy":"post_tag","embeddable":true,"href":"https:\/\/jornaldeitaipava.com.br\/index.php\/wp-json\/wp\/v2\/tags?post=37490"}],"curies":[{"name":"wp","href":"https:\/\/api.w.org\/{rel}","templated":true}]}}