{"id":37496,"date":"2023-12-07T17:03:02","date_gmt":"2023-12-07T20:03:02","guid":{"rendered":"http:\/\/jornaldeitaipava.com.br\/?p=37496"},"modified":"2023-12-07T17:03:03","modified_gmt":"2023-12-07T20:03:03","slug":"corrida-do-bramil-promete-agitar-tres-rios-no-dia-17-de-dezembro","status":"publish","type":"post","link":"https:\/\/jornaldeitaipava.com.br\/index.php\/2023\/12\/07\/corrida-do-bramil-promete-agitar-tres-rios-no-dia-17-de-dezembro\/","title":{"rendered":"Corrida do Bramil promete agitar Tr\u00eas Rios no dia 17 de dezembro"},"content":{"rendered":"\n<p>Pelo menos 500 pessoas participar\u00e3o, no dia 17 de dezembro, da Corrida do Bramil! O evento visa promover os benef\u00edcios do esporte para a sa\u00fade, e atrair atletas e amantes da modalidade para a cidade. Ao todo ser\u00e3o tr\u00eas modalidades: 6km de corrida; 3km de caminhada e tamb\u00e9m CrossFit. A largada est\u00e1 prevista para ocorrer \u00e0s 8h, na Beira Rio, no Centro, e as inscri\u00e7\u00f5es terminam no pr\u00f3ximo domingo (10). Vale destacar que os inscritos, que podem ser de todas as idades, ganhar\u00e3o um super kit!<br>Para que a corrida ocorra com seguran\u00e7a e tranquilidade a Beira Rio ficar\u00e1 fechada das 8h \u00e0s 10h, per\u00edodo em que ser\u00e1 promovido o evento. Os interessados podem se inscrever por meio do site: www.corridao.combr. A taxa de participa\u00e7\u00e3o com desconto \u00e9 de R$ 70. \u201cOs corredores classificados no \u201cmelhores do geral\u201d receber\u00e3o trof\u00e9u, mais premia\u00e7\u00e3o por categoria. \u00c9 gratificante ver, corridas como esta, sendo promovidas na nossa cidade. Afinal, \u00e9 um esporte que atende o p\u00fablico de todas as idades\u201d, disse animado organizador do evento Lucas Leite, que \u00e9 do MKT esportivo da Vidativa.<br>Ent\u00e3o Save The Date porque o pr\u00f3ximo domingo promete ser agitado! O evento conta com o apoio da Prefeitura de Tr\u00eas Rios. \u201cA modalidade tem se tornado cada vez mais amada pelas pessoas, inclusive por aquelas que sequer se viam praticando uma atividade f\u00edsica. Ent\u00e3o, claro, que n\u00f3s do Bramil vamos incentivar sempre que as pessoas se cuidem, e encontrem no esporte um novo estilo de vida!\u201d, disse o diretor da rede Bramil Josemo J\u00fanior.<\/p>\n\n\n\n<p><strong>Benef\u00edcios da corrida<br><\/strong>J\u00e1 n\u00e3o \u00e9 novidade que praticar atividade f\u00edsica traz in\u00fameros benef\u00edcios para a sa\u00fade. Mas estudos apontam que a corrida vem sendo considerada como uma das melhores modalidades para \u201cturbinar\u201d a qualidade de vida. A modalidade melhora o condicionamento f\u00edsico, ajuda na perda de peso, diminui o risco de diabetes, previne doen\u00e7as cardiovasculares, reduz o risco de doen\u00e7as cr\u00f4nicas \u2013 j\u00e1 que a pessoa sai do sedentarismo -, fortalece m\u00fasculos, osso e articula\u00e7\u00f5es, controla a press\u00e3o arterial, aumenta a disposi\u00e7\u00e3o no dia a dia, entre outros.<\/p>\n","protected":false},"excerpt":{"rendered":"<p>Pelo menos 500 pessoas participar\u00e3o, no dia 17 de dezembro, da Corrida do Bramil! O<\/p>\n","protected":false},"author":1,"featured_media":37497,"comment_status":"closed","ping_status":"open","sticky":false,"template":"","format":"standard","meta":{"spay_email":"","footnotes":"","jetpack_publicize_message":""},"categories":[5],"tags":[],"jetpack_featured_media_url":"https:\/\/i1.wp.com\/jornaldeitaipava.com.br\/wp-content\/uploads\/2023\/12\/NHCY8426.jpg?fit=1280%2C853&ssl=1","jetpack_publicize_connections":[],"jetpack_sharing_enabled":true,"jetpack_likes_enabled":true,"jetpack-related-posts":[],"_links":{"self":[{"href":"https:\/\/jornaldeitaipava.com.br\/index.php\/wp-json\/wp\/v2\/posts\/37496"}],"collection":[{"href":"https:\/\/jornaldeitaipava.com.br\/index.php\/wp-json\/wp\/v2\/posts"}],"about":[{"href":"https:\/\/jornaldeitaipava.com.br\/index.php\/wp-json\/wp\/v2\/types\/post"}],"author":[{"embeddable":true,"href":"https:\/\/jornaldeitaipava.com.br\/index.php\/wp-json\/wp\/v2\/users\/1"}],"replies":[{"embeddable":true,"href":"https:\/\/jornaldeitaipava.com.br\/index.php\/wp-json\/wp\/v2\/comments?post=37496"}],"version-history":[{"count":1,"href":"https:\/\/jornaldeitaipava.com.br\/index.php\/wp-json\/wp\/v2\/posts\/37496\/revisions"}],"predecessor-version":[{"id":37498,"href":"https:\/\/jornaldeitaipava.com.br\/index.php\/wp-json\/wp\/v2\/posts\/37496\/revisions\/37498"}],"wp:featuredmedia":[{"embeddable":true,"href":"https:\/\/jornaldeitaipava.com.br\/index.php\/wp-json\/wp\/v2\/media\/37497"}],"wp:attachment":[{"href":"https:\/\/jornaldeitaipava.com.br\/index.php\/wp-json\/wp\/v2\/media?parent=37496"}],"wp:term":[{"taxonomy":"category","embeddable":true,"href":"https:\/\/jornaldeitaipava.com.br\/index.php\/wp-json\/wp\/v2\/categories?post=37496"},{"taxonomy":"post_tag","embeddable":true,"href":"https:\/\/jornaldeitaipava.com.br\/index.php\/wp-json\/wp\/v2\/tags?post=37496"}],"curies":[{"name":"wp","href":"https:\/\/api.w.org\/{rel}","templated":true}]}}