{"id":37502,"date":"2023-12-07T17:07:13","date_gmt":"2023-12-07T20:07:13","guid":{"rendered":"http:\/\/jornaldeitaipava.com.br\/?p=37502"},"modified":"2023-12-07T17:07:14","modified_gmt":"2023-12-07T20:07:14","slug":"comissao-da-licitacao-das-linhas-da-viacao-cascatinha-se-reune-para-dar-andamento-aos-trabalhos","status":"publish","type":"post","link":"https:\/\/jornaldeitaipava.com.br\/index.php\/2023\/12\/07\/comissao-da-licitacao-das-linhas-da-viacao-cascatinha-se-reune-para-dar-andamento-aos-trabalhos\/","title":{"rendered":"Comiss\u00e3o da Licita\u00e7\u00e3o das linhas da Via\u00e7\u00e3o Cascatinha se re\u00fane para dar andamento aos trabalhos"},"content":{"rendered":"\n<p>A Comiss\u00e3o de Licita\u00e7\u00e3o das linhas da Via\u00e7\u00e3o Cascatinha se reuniu na tarde desta ter\u00e7a-feira (6) para dar andamento aos trabalhos para que o edital seja publicado. A realiza\u00e7\u00e3o da licita\u00e7\u00e3o foi uma determina\u00e7\u00e3o do prefeito Rubens Bomtempo para garantir a qualidade e seguran\u00e7a para a popula\u00e7\u00e3o e os rodovi\u00e1rios.<br>H\u00e1 dois anos a Prefeitura aguarda que o Tribunal de Contas do Estado analise um recurso da Via\u00e7\u00e3o Cascatinha para que d\u00ea prosseguimento a licita\u00e7\u00e3o. \u201cVamos dar prosseguimento a essa licita\u00e7\u00e3o porque a quest\u00e3o \u00e9 urgente e esperamos que o TCE d\u00ea um parecer o mais breve poss\u00edvel\u201d, disse o prefeito Rubens Bomtempo.<br>A previs\u00e3o \u00e9 que o edital seja publicado em breve. \u201cEsperamos que at\u00e9 a homologa\u00e7\u00e3o do processo licitat\u00f3rio o TCE j\u00e1 tenha analisado esse embargo. Nossa expectativa \u00e9 que a empresa que vencer a licita\u00e7\u00e3o ofere\u00e7a um servi\u00e7o de qualidade e com seguran\u00e7a dentro do sistema de transporte p\u00fablico\u201d, disse o presidente da Companhia Petropolitana de Tr\u00e2nsito e Transportes (CPTrans), Thiago Damaceno.<br>Ao todo ser\u00e3o licitadas as 28 linhas de responsabilidade da Via\u00e7\u00e3o Cascatinha, incluindo as do Carangola, que atualmente est\u00e3o sob responsabilidade da Cidade das Hort\u00eansias ap\u00f3s interven\u00e7\u00e3o da Prefeitura. Cerca de 50 \u00f4nibus, incluindo a frota reserva, comp\u00f5em essas linhas.<\/p>\n","protected":false},"excerpt":{"rendered":"<p>A Comiss\u00e3o de Licita\u00e7\u00e3o das linhas da Via\u00e7\u00e3o Cascatinha se reuniu na tarde desta ter\u00e7a-feira<\/p>\n","protected":false},"author":1,"featured_media":18512,"comment_status":"closed","ping_status":"open","sticky":false,"template":"","format":"standard","meta":{"spay_email":"","footnotes":"","jetpack_publicize_message":""},"categories":[24],"tags":[],"jetpack_featured_media_url":"https:\/\/i2.wp.com\/jornaldeitaipava.com.br\/wp-content\/uploads\/2021\/08\/onibus-eixo.png?fit=428%2C302&ssl=1","jetpack_publicize_connections":[],"jetpack_sharing_enabled":true,"jetpack_likes_enabled":true,"jetpack-related-posts":[],"_links":{"self":[{"href":"https:\/\/jornaldeitaipava.com.br\/index.php\/wp-json\/wp\/v2\/posts\/37502"}],"collection":[{"href":"https:\/\/jornaldeitaipava.com.br\/index.php\/wp-json\/wp\/v2\/posts"}],"about":[{"href":"https:\/\/jornaldeitaipava.com.br\/index.php\/wp-json\/wp\/v2\/types\/post"}],"author":[{"embeddable":true,"href":"https:\/\/jornaldeitaipava.com.br\/index.php\/wp-json\/wp\/v2\/users\/1"}],"replies":[{"embeddable":true,"href":"https:\/\/jornaldeitaipava.com.br\/index.php\/wp-json\/wp\/v2\/comments?post=37502"}],"version-history":[{"count":1,"href":"https:\/\/jornaldeitaipava.com.br\/index.php\/wp-json\/wp\/v2\/posts\/37502\/revisions"}],"predecessor-version":[{"id":37503,"href":"https:\/\/jornaldeitaipava.com.br\/index.php\/wp-json\/wp\/v2\/posts\/37502\/revisions\/37503"}],"wp:featuredmedia":[{"embeddable":true,"href":"https:\/\/jornaldeitaipava.com.br\/index.php\/wp-json\/wp\/v2\/media\/18512"}],"wp:attachment":[{"href":"https:\/\/jornaldeitaipava.com.br\/index.php\/wp-json\/wp\/v2\/media?parent=37502"}],"wp:term":[{"taxonomy":"category","embeddable":true,"href":"https:\/\/jornaldeitaipava.com.br\/index.php\/wp-json\/wp\/v2\/categories?post=37502"},{"taxonomy":"post_tag","embeddable":true,"href":"https:\/\/jornaldeitaipava.com.br\/index.php\/wp-json\/wp\/v2\/tags?post=37502"}],"curies":[{"name":"wp","href":"https:\/\/api.w.org\/{rel}","templated":true}]}}