{"id":37512,"date":"2023-12-07T17:20:26","date_gmt":"2023-12-07T20:20:26","guid":{"rendered":"http:\/\/jornaldeitaipava.com.br\/?p=37512"},"modified":"2023-12-07T17:20:28","modified_gmt":"2023-12-07T20:20:28","slug":"tse-e-anatel-assinam-acordo-para-combater-fraudes-feitas-com-ia","status":"publish","type":"post","link":"https:\/\/jornaldeitaipava.com.br\/index.php\/2023\/12\/07\/tse-e-anatel-assinam-acordo-para-combater-fraudes-feitas-com-ia\/","title":{"rendered":"TSE e Anatel assinam acordo para combater fraudes feitas com IA"},"content":{"rendered":"\n<p>Intelig\u00eancia Artificial tem preocupado o ministro Alexandre de Moraes<br>O presidente do Tribunal Superior Eleitoral (TSE), ministro Alexandre de Moraes, assinou um acordo com a Ag\u00eancia Nacional de Telecomunica\u00e7\u00f5es (Anatel) para combater a reprodu\u00e7\u00e3o de desinforma\u00e7\u00e3o produzida por intelig\u00eancia artificial (IA).<br>De acordo com o TSE, as determina\u00e7\u00f5es do tribunal para retirada de conte\u00fados prejudiciais ao processo eleitoral deixar\u00e3o de ser enviadas por oficial de Justi\u00e7a. Elas passar\u00e3o a ser comunicadas por um sistema eletr\u00f4nico, com objetivo de acelerar o cumprimento do bloqueio de sites que divulguem fake news durante as elei\u00e7\u00f5es.<br>Na \u00faltima segunda-feira (4), Moraes afirmou que a Justi\u00e7a Eleitoral vai regulamentar o uso de intelig\u00eancia artificial nas elei\u00e7\u00f5es municipais de 2024.<br>\u201cCom a intelig\u00eancia artificial \u00e9 poss\u00edvel, por exemplo, modificar v\u00eddeos de candidatos advers\u00e1rios, fazendo-os dar declara\u00e7\u00f5es que nunca deram. Essa agress\u00e3o, principalmente com a utiliza\u00e7\u00e3o da intelig\u00eancia artificial, pode realmente mudar o resultado eleitoral, pode desvirtuar o resultado eleitoral em elei\u00e7\u00f5es polarizadas\u201d, afirmou o ministro.<br>Segundo o TSE, a parceria entre os \u00f3rg\u00e3os est\u00e1 justificada pelo Marco Civil da Internet, que responsabiliza usu\u00e1rios ilegais nas redes sociais.<\/p>\n\n\n\n<p>Da Ag\u00eancia Brasil<\/p>\n","protected":false},"excerpt":{"rendered":"<p>Intelig\u00eancia Artificial tem preocupado o ministro Alexandre de MoraesO presidente do Tribunal Superior Eleitoral (TSE),<\/p>\n","protected":false},"author":1,"featured_media":37513,"comment_status":"closed","ping_status":"open","sticky":false,"template":"","format":"standard","meta":{"spay_email":"","footnotes":"","jetpack_publicize_message":""},"categories":[9],"tags":[],"jetpack_featured_media_url":"https:\/\/i2.wp.com\/jornaldeitaipava.com.br\/wp-content\/uploads\/2023\/12\/IA.png?fit=915%2C505&ssl=1","jetpack_publicize_connections":[],"jetpack_sharing_enabled":true,"jetpack_likes_enabled":true,"jetpack-related-posts":[],"_links":{"self":[{"href":"https:\/\/jornaldeitaipava.com.br\/index.php\/wp-json\/wp\/v2\/posts\/37512"}],"collection":[{"href":"https:\/\/jornaldeitaipava.com.br\/index.php\/wp-json\/wp\/v2\/posts"}],"about":[{"href":"https:\/\/jornaldeitaipava.com.br\/index.php\/wp-json\/wp\/v2\/types\/post"}],"author":[{"embeddable":true,"href":"https:\/\/jornaldeitaipava.com.br\/index.php\/wp-json\/wp\/v2\/users\/1"}],"replies":[{"embeddable":true,"href":"https:\/\/jornaldeitaipava.com.br\/index.php\/wp-json\/wp\/v2\/comments?post=37512"}],"version-history":[{"count":1,"href":"https:\/\/jornaldeitaipava.com.br\/index.php\/wp-json\/wp\/v2\/posts\/37512\/revisions"}],"predecessor-version":[{"id":37514,"href":"https:\/\/jornaldeitaipava.com.br\/index.php\/wp-json\/wp\/v2\/posts\/37512\/revisions\/37514"}],"wp:featuredmedia":[{"embeddable":true,"href":"https:\/\/jornaldeitaipava.com.br\/index.php\/wp-json\/wp\/v2\/media\/37513"}],"wp:attachment":[{"href":"https:\/\/jornaldeitaipava.com.br\/index.php\/wp-json\/wp\/v2\/media?parent=37512"}],"wp:term":[{"taxonomy":"category","embeddable":true,"href":"https:\/\/jornaldeitaipava.com.br\/index.php\/wp-json\/wp\/v2\/categories?post=37512"},{"taxonomy":"post_tag","embeddable":true,"href":"https:\/\/jornaldeitaipava.com.br\/index.php\/wp-json\/wp\/v2\/tags?post=37512"}],"curies":[{"name":"wp","href":"https:\/\/api.w.org\/{rel}","templated":true}]}}