{"id":37517,"date":"2023-12-07T17:24:22","date_gmt":"2023-12-07T20:24:22","guid":{"rendered":"http:\/\/jornaldeitaipava.com.br\/?p=37517"},"modified":"2023-12-07T17:24:23","modified_gmt":"2023-12-07T20:24:23","slug":"cerimonia-marca-hasteamento-da-bandeira-azul-na-orla-do-pero-em-cabo-frio","status":"publish","type":"post","link":"https:\/\/jornaldeitaipava.com.br\/index.php\/2023\/12\/07\/cerimonia-marca-hasteamento-da-bandeira-azul-na-orla-do-pero-em-cabo-frio\/","title":{"rendered":"Cerim\u00f4nia marca hasteamento da Bandeira Azul na Orla do Per\u00f3, em Cabo Frio"},"content":{"rendered":"\n<p>A Orla do Per\u00f3 amanheceu movimentada nesta quinta-feira (7) com a cerim\u00f4nia de hasteamento da Bandeira Azul. Para celebrar o sexto ano consecutivo do selo ecol\u00f3gico, moradores, representantes do governo municipal, da verean\u00e7a, da sociedade civil organizada e da imprensa estiveram no evento.<br>Antes da bandeira ser hasteada, algumas lideran\u00e7as receberam Men\u00e7\u00e3o Honrosa pelo empenho, dedica\u00e7\u00e3o e contribui\u00e7\u00e3o com o programa. Receberam homenagens a prefeita Magdala Furtado e representantes do Instituto Estadual do Patrim\u00f4nio Art\u00edstico e Cultural (Inepac), da Escola Municipal Evaldo Salles, da Guarda Mar\u00edtima de Ambiental, da Secretaria de Obras e Servi\u00e7os P\u00fablicos, do Instituto Ecovida, do Projeto Mar Sem Lixo e da Cooperativa Cooperban.<br>O certificado internacional s\u00f3 foi poss\u00edvel mediante o cumprimento e a manuten\u00e7\u00e3o de uma s\u00e9rie de crit\u00e9rios com foco em gest\u00e3o ambiental, qualidade da \u00e1gua, educa\u00e7\u00e3o ambiental, seguran\u00e7a e servi\u00e7os, turismo sustent\u00e1vel e responsabilidade social.<br>\u201cEsse hasteamento da Bandeira Azul representa o compromisso do munic\u00edpio de Cabo Frio com a excel\u00eancia ambiental e o turismo sustent\u00e1vel. Estamos muito felizes por manter o selo ecol\u00f3gico, lembrando que estamos com outras duas praias: do Foguete e Pontal do Per\u00f3 em fase piloto. O certificado \u00e9 fruto da dedica\u00e7\u00e3o dos grupos gestores que se re\u00fanem em reuni\u00f5es peri\u00f3dicas para que sejam cumpridas todas as exig\u00eancias\u201d, disse a prefeita.<br>A secret\u00e1ria de Meio Ambiente e Saneamento, Rosalice Fernandes, destacou a import\u00e2ncia do trabalho participativo para manuten\u00e7\u00e3o da certifica\u00e7\u00e3o.<br>\u201cTodos n\u00f3s somos respons\u00e1veis por cuidar do meio ambiente. N\u00e3o \u00e9 uma responsabilidade somente do governo ou do conselho. \u00c9 preciso que seja um trabalho participativo da sociedade civil organizada, dos moradores, dos comerciantes e de todos\u201d, destacou a secret\u00e1ria.<br>Essa premia\u00e7\u00e3o global \u00e9 dedicada \u00e0 gest\u00e3o de praias, marinas e embarca\u00e7\u00f5es de turismo. A orla do Per\u00f3 est\u00e1 entre as 31 praias e 11 marinas aprovadas pelo programa Bandeira Azul no Brasil. As inscri\u00e7\u00f5es para o programa da Praia do Foguete e Pontal do Per\u00f3 seguem em fase piloto, que pode durar at\u00e9 dois anos.<\/p>\n","protected":false},"excerpt":{"rendered":"<p>A Orla do Per\u00f3 amanheceu movimentada nesta quinta-feira (7) com a cerim\u00f4nia de hasteamento da<\/p>\n","protected":false},"author":1,"featured_media":37518,"comment_status":"closed","ping_status":"open","sticky":false,"template":"","format":"standard","meta":{"spay_email":"","footnotes":"","jetpack_publicize_message":""},"categories":[5],"tags":[],"jetpack_featured_media_url":"https:\/\/i1.wp.com\/jornaldeitaipava.com.br\/wp-content\/uploads\/2023\/12\/BandeiraAzul.jpg?fit=750%2C629&ssl=1","jetpack_publicize_connections":[],"jetpack_sharing_enabled":true,"jetpack_likes_enabled":true,"jetpack-related-posts":[],"_links":{"self":[{"href":"https:\/\/jornaldeitaipava.com.br\/index.php\/wp-json\/wp\/v2\/posts\/37517"}],"collection":[{"href":"https:\/\/jornaldeitaipava.com.br\/index.php\/wp-json\/wp\/v2\/posts"}],"about":[{"href":"https:\/\/jornaldeitaipava.com.br\/index.php\/wp-json\/wp\/v2\/types\/post"}],"author":[{"embeddable":true,"href":"https:\/\/jornaldeitaipava.com.br\/index.php\/wp-json\/wp\/v2\/users\/1"}],"replies":[{"embeddable":true,"href":"https:\/\/jornaldeitaipava.com.br\/index.php\/wp-json\/wp\/v2\/comments?post=37517"}],"version-history":[{"count":1,"href":"https:\/\/jornaldeitaipava.com.br\/index.php\/wp-json\/wp\/v2\/posts\/37517\/revisions"}],"predecessor-version":[{"id":37519,"href":"https:\/\/jornaldeitaipava.com.br\/index.php\/wp-json\/wp\/v2\/posts\/37517\/revisions\/37519"}],"wp:featuredmedia":[{"embeddable":true,"href":"https:\/\/jornaldeitaipava.com.br\/index.php\/wp-json\/wp\/v2\/media\/37518"}],"wp:attachment":[{"href":"https:\/\/jornaldeitaipava.com.br\/index.php\/wp-json\/wp\/v2\/media?parent=37517"}],"wp:term":[{"taxonomy":"category","embeddable":true,"href":"https:\/\/jornaldeitaipava.com.br\/index.php\/wp-json\/wp\/v2\/categories?post=37517"},{"taxonomy":"post_tag","embeddable":true,"href":"https:\/\/jornaldeitaipava.com.br\/index.php\/wp-json\/wp\/v2\/tags?post=37517"}],"curies":[{"name":"wp","href":"https:\/\/api.w.org\/{rel}","templated":true}]}}