{"id":37520,"date":"2023-12-07T17:27:19","date_gmt":"2023-12-07T20:27:19","guid":{"rendered":"http:\/\/jornaldeitaipava.com.br\/?p=37520"},"modified":"2023-12-07T17:27:19","modified_gmt":"2023-12-07T20:27:19","slug":"buzios-quebra-barreiras-acesso-inedito-a-praia-da-azeda-para-pessoas-com-mobilidade-reduzida","status":"publish","type":"post","link":"https:\/\/jornaldeitaipava.com.br\/index.php\/2023\/12\/07\/buzios-quebra-barreiras-acesso-inedito-a-praia-da-azeda-para-pessoas-com-mobilidade-reduzida\/","title":{"rendered":"B\u00fazios quebra barreiras: acesso in\u00e9dito \u00e0 Praia da Azeda para pessoas com mobilidade reduzida"},"content":{"rendered":"\n<p>Pela primeira vez na hist\u00f3ria de B\u00fazios, um marco de inclus\u00e3o \u00e9 alcan\u00e7ado com a abertura do acesso \u00e0 Praia da Azeda para pessoas usu\u00e1rias de cadeira de rodas e com baixa mobilidade. Na manh\u00e3 desta quarta-feira (29), o prefeito Alexandre Martins e o secret\u00e1rio da Pessoa com Defici\u00eancia, Aurelio Barros, acompanharam Ant\u00f4nio Pedro, que pela primeira vez teve o privil\u00e9gio de visitar \u00e0 encantadora praia, at\u00e9 ent\u00e3o inacess\u00edvel. Ele \u00e9 apaixonado pelas \u00e1guas de B\u00fazios.<br>A conquista vai al\u00e9m: Ant\u00f4nio experimentou as cadeiras anf\u00edbias, pe\u00e7as centrais no revolucion\u00e1rio projeto \u201cMar para Todos\u201d, visando proporcionar acessibilidade plena ao mar de B\u00fazios.<br>A m\u00e3e do Ant\u00f4nio, Denise Pedrosa, disse que est\u00e1 muito contente com o novo projeto \u201cMar Para Todos\u201d: Meu filho nada h\u00e1 anos diariamente aqui em B\u00fazios e nunca tivemos a possibilidade de vir na Azeda. Hoje tivemos esta grata surpresa, ele est\u00e1 muito feliz. Espero que mais cadeirantes e PCDs possam desfrutar dessa novidade. Muito contente com a constru\u00e7\u00e3o da rampa de acessibilidade que n\u00e3o existia. Isso dificultava nossa vinda a essa praia maravilhosa, que todo mundo sabe e conhece. Me deixou muito tranquila e feliz, parab\u00e9ns B\u00fazios\u201d.<br>Sobre o projeto \u201cMar Para Todos\u201d, o Secret\u00e1rio da Pessoa com Defici\u00eancia, Aurelio Barros pontua: \u201ceste projeto ser\u00e1 um marco neste ver\u00e3o, mas n\u00e3o pararemos por a\u00ed, ser\u00e1 um projeto permanente dando oportunidade para as pessoas de mobilidade reduzida poderem ter acesso ao mar durante todo o ano. O que fizemos agora foi um teste dos equipamentos e da equipe, foi para ver na pr\u00e1tica o que aprendemos na teoria. Temos um longo e satisfat\u00f3rio trabalho pela frente.<br>Na ocasi\u00e3o, al\u00e9m do prefeito e do secret\u00e1rio da Pasta, as equipes da Secretaria e de Guarda-vidas acompanharam a a\u00e7\u00e3o.<\/p>\n","protected":false},"excerpt":{"rendered":"<p>Pela primeira vez na hist\u00f3ria de B\u00fazios, um marco de inclus\u00e3o \u00e9 alcan\u00e7ado com a<\/p>\n","protected":false},"author":1,"featured_media":37521,"comment_status":"closed","ping_status":"open","sticky":false,"template":"","format":"standard","meta":{"spay_email":"","footnotes":"","jetpack_publicize_message":""},"categories":[5],"tags":[],"jetpack_featured_media_url":"https:\/\/i1.wp.com\/jornaldeitaipava.com.br\/wp-content\/uploads\/2023\/12\/buz.jpeg?fit=1536%2C1023&ssl=1","jetpack_publicize_connections":[],"jetpack_sharing_enabled":true,"jetpack_likes_enabled":true,"jetpack-related-posts":[],"_links":{"self":[{"href":"https:\/\/jornaldeitaipava.com.br\/index.php\/wp-json\/wp\/v2\/posts\/37520"}],"collection":[{"href":"https:\/\/jornaldeitaipava.com.br\/index.php\/wp-json\/wp\/v2\/posts"}],"about":[{"href":"https:\/\/jornaldeitaipava.com.br\/index.php\/wp-json\/wp\/v2\/types\/post"}],"author":[{"embeddable":true,"href":"https:\/\/jornaldeitaipava.com.br\/index.php\/wp-json\/wp\/v2\/users\/1"}],"replies":[{"embeddable":true,"href":"https:\/\/jornaldeitaipava.com.br\/index.php\/wp-json\/wp\/v2\/comments?post=37520"}],"version-history":[{"count":1,"href":"https:\/\/jornaldeitaipava.com.br\/index.php\/wp-json\/wp\/v2\/posts\/37520\/revisions"}],"predecessor-version":[{"id":37522,"href":"https:\/\/jornaldeitaipava.com.br\/index.php\/wp-json\/wp\/v2\/posts\/37520\/revisions\/37522"}],"wp:featuredmedia":[{"embeddable":true,"href":"https:\/\/jornaldeitaipava.com.br\/index.php\/wp-json\/wp\/v2\/media\/37521"}],"wp:attachment":[{"href":"https:\/\/jornaldeitaipava.com.br\/index.php\/wp-json\/wp\/v2\/media?parent=37520"}],"wp:term":[{"taxonomy":"category","embeddable":true,"href":"https:\/\/jornaldeitaipava.com.br\/index.php\/wp-json\/wp\/v2\/categories?post=37520"},{"taxonomy":"post_tag","embeddable":true,"href":"https:\/\/jornaldeitaipava.com.br\/index.php\/wp-json\/wp\/v2\/tags?post=37520"}],"curies":[{"name":"wp","href":"https:\/\/api.w.org\/{rel}","templated":true}]}}