{"id":37531,"date":"2023-12-07T17:39:23","date_gmt":"2023-12-07T20:39:23","guid":{"rendered":"http:\/\/jornaldeitaipava.com.br\/?p=37531"},"modified":"2023-12-07T17:40:13","modified_gmt":"2023-12-07T20:40:13","slug":"morre-aos-85-anos-o-empresario-jesus-mendes-costa","status":"publish","type":"post","link":"https:\/\/jornaldeitaipava.com.br\/index.php\/2023\/12\/07\/morre-aos-85-anos-o-empresario-jesus-mendes-costa\/","title":{"rendered":"Morre aos 85 anos o empres\u00e1rio J\u00e9sus Mendes Costa"},"content":{"rendered":"\n<p>Morreu nesta quinta-feira (7), aos 85 anos, o empres\u00e1rio, advogado, contador e professor J\u00e9sus Costa Mendes. As causas da morte n\u00e3o foram divulgadas.<br>Nascido em Minas Gerais, J\u00e9sus mudou-se para Petr\u00f3polis em 1958, quando come\u00e7ou a trabalhar em um escrit\u00f3rio de contabilidade. Em 1960 formou-se em contabilidade e em 1965 em Direito pela Universidade Cat\u00f3lica de Petr\u00f3polis, cidade onde tamb\u00e9m foi professor em diversos col\u00e9gios, tendo sido Secret\u00e1rio da administra\u00e7\u00e3o municipal e Superintendente da COBAL, por alguns per\u00edodos.<br>Em 1963, fundou a rede de Supermercados ENSA. Tamb\u00e9m foi s\u00f3cio da rede da rede ABC e presidente do Conselho Deliberativo do Sebrae.<br>Entidades petropolitanas emitiram notas de pesar.<\/p>\n\n\n\n<p><strong>Nota PC&amp;VB<br><\/strong>\u00c9 com profundo pesar que o Petr\u00f3polis Convention &amp; Visitors Bureau recebe a triste not\u00edcia do falecimento de J\u00e9sus Mendes Costa. Sua significativa presen\u00e7a em nossa comunidade e contribui\u00e7\u00e3o incans\u00e1vel para o desenvolvimento econ\u00f4mico de Petr\u00f3polis e do Estado do Rio marcaram uma trajet\u00f3ria de dedica\u00e7\u00e3o e paix\u00e3o.<br>Como uma figura respeitada e ativa em todos os setores empresariais, J\u00e9sus Mendes Costa desempenhou um papel crucial no fortalecimento da economia de nossa cidade. Seu comprometimento e vis\u00e3o estrat\u00e9gica deixam um legado valioso que continuaremos a honrar.<br>Neste momento de luto, nossas condol\u00eancias \u00e0 fam\u00edlia e amigos de J\u00e9sus. Que encontrem conforto na lembran\u00e7a de sua not\u00e1vel contribui\u00e7\u00e3o e na inspira\u00e7\u00e3o que sua jornada proporcionou a todos n\u00f3s.<\/p>\n\n\n\n<p><strong>Nota CDL<br><\/strong>\u00c9 com imensa tristeza que expresso, em nome da diretoria da CDL Petr\u00f3polis, nossos sentimentos pela partida de J\u00e9sus, uma figura querida e respeitada em nossa comunidade. Empres\u00e1rio idealista, J\u00e9sus Mendes Costa deixa uma contribui\u00e7\u00e3o e dedica\u00e7\u00e3o no \u00e2mbito empresarial e no desenvolvimento do empreendedorismo que ser\u00e3o sempre lembrados.<br>J\u00e9sus foi um exemplo de lideran\u00e7a, generosidade e comprometimento, sendo um pilar essencial para o desenvolvimento de Petr\u00f3polis. Pr\u00f3spero em seus neg\u00f3cios, ele se tornou figura fundamental para a evolu\u00e7\u00e3o da economia de Petr\u00f3polis e do Estado do Rio dividindo e compartilhando sabedoria e ensinamento.<br>Como l\u00edder empresarial, J\u00e9sus Mendes Costa teve papel decisivo no desenvolvimento econ\u00f4mico e social criando oportunidades e empregos que impactaram positivamente tantas vidas.<br>Seu compromisso com a excel\u00eancia e \u00e9tica empresarial \u00e9 um exemplo a ser seguido por todos. Suas a\u00e7\u00f5es deixaram marcas indel\u00e9veis e sua aus\u00eancia ser\u00e1 profundamente sentida. Que a for\u00e7a e a uni\u00e3o de nossa comunidade possam servir como fonte de conforto para todos que foram tocados pela presen\u00e7a e sabedoria de J\u00e9sus. Que ele descanse em paz, e que sua mem\u00f3ria nos inspire a seguir em frente, honrando seu legado com resili\u00eancia e determina\u00e7\u00e3o.<\/p>\n\n\n\n<p><strong>Nota Sicom\u00e9rcio<\/strong><\/p>\n\n\n\n<p>O Sicom\u00e9rcio Petr\u00f3polis, em nome de seu presidente, Marcelo Fiorini e de toda a diretoria, lamenta profundamente o falecimento de J\u00e9sus Mendes Costa, presidente do Conselho Deliberativo do Sebrae Rio. Seu empenho em prol do fomento e desenvolvimento dos pequenos neg\u00f3cios no nosso Estado nunca ser\u00e1 esquecido.<br>Que Deus conforte a fam\u00edlia neste momento t\u00e3o dif\u00edcil.<\/p>\n","protected":false},"excerpt":{"rendered":"<p>Morreu nesta quinta-feira (7), aos 85 anos, o empres\u00e1rio, advogado, contador e professor J\u00e9sus Costa<\/p>\n","protected":false},"author":1,"featured_media":37532,"comment_status":"closed","ping_status":"open","sticky":false,"template":"","format":"standard","meta":{"spay_email":"","footnotes":"","jetpack_publicize_message":""},"categories":[2],"tags":[],"jetpack_featured_media_url":"https:\/\/i1.wp.com\/jornaldeitaipava.com.br\/wp-content\/uploads\/2023\/12\/jesus.png?fit=470%2C300&ssl=1","jetpack_publicize_connections":[],"jetpack_sharing_enabled":true,"jetpack_likes_enabled":true,"jetpack-related-posts":[],"_links":{"self":[{"href":"https:\/\/jornaldeitaipava.com.br\/index.php\/wp-json\/wp\/v2\/posts\/37531"}],"collection":[{"href":"https:\/\/jornaldeitaipava.com.br\/index.php\/wp-json\/wp\/v2\/posts"}],"about":[{"href":"https:\/\/jornaldeitaipava.com.br\/index.php\/wp-json\/wp\/v2\/types\/post"}],"author":[{"embeddable":true,"href":"https:\/\/jornaldeitaipava.com.br\/index.php\/wp-json\/wp\/v2\/users\/1"}],"replies":[{"embeddable":true,"href":"https:\/\/jornaldeitaipava.com.br\/index.php\/wp-json\/wp\/v2\/comments?post=37531"}],"version-history":[{"count":2,"href":"https:\/\/jornaldeitaipava.com.br\/index.php\/wp-json\/wp\/v2\/posts\/37531\/revisions"}],"predecessor-version":[{"id":37534,"href":"https:\/\/jornaldeitaipava.com.br\/index.php\/wp-json\/wp\/v2\/posts\/37531\/revisions\/37534"}],"wp:featuredmedia":[{"embeddable":true,"href":"https:\/\/jornaldeitaipava.com.br\/index.php\/wp-json\/wp\/v2\/media\/37532"}],"wp:attachment":[{"href":"https:\/\/jornaldeitaipava.com.br\/index.php\/wp-json\/wp\/v2\/media?parent=37531"}],"wp:term":[{"taxonomy":"category","embeddable":true,"href":"https:\/\/jornaldeitaipava.com.br\/index.php\/wp-json\/wp\/v2\/categories?post=37531"},{"taxonomy":"post_tag","embeddable":true,"href":"https:\/\/jornaldeitaipava.com.br\/index.php\/wp-json\/wp\/v2\/tags?post=37531"}],"curies":[{"name":"wp","href":"https:\/\/api.w.org\/{rel}","templated":true}]}}