{"id":37535,"date":"2023-12-07T17:43:37","date_gmt":"2023-12-07T20:43:37","guid":{"rendered":"http:\/\/jornaldeitaipava.com.br\/?p=37535"},"modified":"2023-12-07T17:43:39","modified_gmt":"2023-12-07T20:43:39","slug":"vereador-encaminha-nova-denuncia-a-comissao-de-transporte-publico","status":"publish","type":"post","link":"https:\/\/jornaldeitaipava.com.br\/index.php\/2023\/12\/07\/vereador-encaminha-nova-denuncia-a-comissao-de-transporte-publico\/","title":{"rendered":"Vereador encaminha nova den\u00fancia \u00e0 Comiss\u00e3o de Transporte P\u00fablico"},"content":{"rendered":"\n<p>No intuito de abastecer com informa\u00e7\u00f5es e dados a Comiss\u00e3o de Transporte P\u00fablico e Mobilidade Urbana da C\u00e2mara Municipal e assim fortalecer a den\u00fancia protocolada junto ao Minist\u00e9rio P\u00fablico sobre irregularidades encontradas no transporte p\u00fablico de Petr\u00f3polis, o vereador Eduardo do Blog encaminhou ao presidente da comiss\u00e3o, o vereador Hingo Hammes, um of\u00edcio onde cita uma grave constata\u00e7\u00e3o feita durante as recentes fiscaliza\u00e7\u00f5es nos \u00f4nibus.<br>No documento, Eduardo, que tamb\u00e9m integra a comiss\u00e3o, citou o caso de um coletivo da Via\u00e7\u00e3o Petro Ita, que fazia a linha Independ\u00eancia, que transitava com pneus em estado severamente deteriorado, colocando em risco iminente a seguran\u00e7a dos passageiros e do tr\u00e2nsito como um todo. Diante da gravidade da situa\u00e7\u00e3o, o vereador solicitou que esta nova den\u00fancia seja anexada ao relat\u00f3rio j\u00e1 entregue ao Minist\u00e9rio P\u00fablico.<br>&#8220;\u00c9 importante ressaltar que esta n\u00e3o \u00e9 uma ocorr\u00eancia isolada, mas sim parte de uma s\u00e9rie de irregularidades j\u00e1 identificadas e relatadas por esta comiss\u00e3o. A continuidade destas pr\u00e1ticas coloca em risco a integridade f\u00edsica dos cidad\u00e3os e demanda uma a\u00e7\u00e3o imediata por parte da Prefeitura de Petr\u00f3polis. A popula\u00e7\u00e3o j\u00e1 n\u00e3o aguenta mais esta situa\u00e7\u00e3o&#8221;, disse.<\/p>\n\n\n\n<div class=\"wp-block-image\"><figure class=\"aligncenter size-large is-resized\"><img loading=\"lazy\" decoding=\"async\" data-attachment-id=\"37537\" data-permalink=\"https:\/\/jornaldeitaipava.com.br\/index.php\/2023\/12\/07\/vereador-encaminha-nova-denuncia-a-comissao-de-transporte-publico\/vereador-eduardo-do-blog-em-fiscalizacao-1\/\" data-orig-file=\"https:\/\/i2.wp.com\/jornaldeitaipava.com.br\/wp-content\/uploads\/2023\/12\/Vereador-Eduardo-do-Blog-em-fiscalizacao-1.jpeg?fit=1200%2C1600&amp;ssl=1\" data-orig-size=\"1200,1600\" data-comments-opened=\"0\" data-image-meta=\"{&quot;aperture&quot;:&quot;0&quot;,&quot;credit&quot;:&quot;&quot;,&quot;camera&quot;:&quot;&quot;,&quot;caption&quot;:&quot;&quot;,&quot;created_timestamp&quot;:&quot;0&quot;,&quot;copyright&quot;:&quot;&quot;,&quot;focal_length&quot;:&quot;0&quot;,&quot;iso&quot;:&quot;0&quot;,&quot;shutter_speed&quot;:&quot;0&quot;,&quot;title&quot;:&quot;&quot;,&quot;orientation&quot;:&quot;0&quot;}\" data-image-title=\"Vereador Eduardo do Blog em fiscaliza\u00e7\u00e3o (1)\" data-image-description=\"\" data-medium-file=\"https:\/\/i2.wp.com\/jornaldeitaipava.com.br\/wp-content\/uploads\/2023\/12\/Vereador-Eduardo-do-Blog-em-fiscalizacao-1.jpeg?fit=225%2C300&amp;ssl=1\" data-large-file=\"https:\/\/i2.wp.com\/jornaldeitaipava.com.br\/wp-content\/uploads\/2023\/12\/Vereador-Eduardo-do-Blog-em-fiscalizacao-1.jpeg?fit=640%2C853&amp;ssl=1\" src=\"https:\/\/i2.wp.com\/jornaldeitaipava.com.br\/wp-content\/uploads\/2023\/12\/Vereador-Eduardo-do-Blog-em-fiscalizacao-1.jpeg?resize=358%2C477\" alt=\"\" class=\"wp-image-37537\" width=\"358\" height=\"477\" srcset=\"https:\/\/i2.wp.com\/jornaldeitaipava.com.br\/wp-content\/uploads\/2023\/12\/Vereador-Eduardo-do-Blog-em-fiscalizacao-1.jpeg?resize=768%2C1024&amp;ssl=1 768w, https:\/\/i2.wp.com\/jornaldeitaipava.com.br\/wp-content\/uploads\/2023\/12\/Vereador-Eduardo-do-Blog-em-fiscalizacao-1.jpeg?resize=225%2C300&amp;ssl=1 225w, https:\/\/i2.wp.com\/jornaldeitaipava.com.br\/wp-content\/uploads\/2023\/12\/Vereador-Eduardo-do-Blog-em-fiscalizacao-1.jpeg?resize=1152%2C1536&amp;ssl=1 1152w, https:\/\/i2.wp.com\/jornaldeitaipava.com.br\/wp-content\/uploads\/2023\/12\/Vereador-Eduardo-do-Blog-em-fiscalizacao-1.jpeg?resize=1024%2C1365&amp;ssl=1 1024w, https:\/\/i2.wp.com\/jornaldeitaipava.com.br\/wp-content\/uploads\/2023\/12\/Vereador-Eduardo-do-Blog-em-fiscalizacao-1.jpeg?w=1200&amp;ssl=1 1200w\" sizes=\"(max-width: 358px) 100vw, 358px\" data-recalc-dims=\"1\" \/><figcaption>Divulga\u00e7\u00e3o<\/figcaption><\/figure><\/div>\n\n\n\n<p><strong>Crise sem fim no transporte p\u00fablico<br><\/strong>De acordo com um levantamento feito pelo Conselho Municipal de Tr\u00e2nsito e Transporte &#8211; Comutran, durante o m\u00eas de novembro foram registradas pelo menos 97 quebras de \u00f4nibus, sendo que somente da Petro Ita foram 63, seguida da Cascatinha com 31 avarias. Os \u00faltimos dias tamb\u00e9m foram marcados por graves acidentes com coletivos das duas empresas em diversos pontos da cidade.<br>Em junho deste ano, Eduardo do Blog aprovou na C\u00e2mara uma proposta para que fosse realizada uma interven\u00e7\u00e3o e posteriormente licita\u00e7\u00e3o no setor.<br>&#8220;Est\u00e1 mais do que evidente que estas empresas perderam a capacidade operacional e financeira para atuarem na cidade. Estamos diante de um quadro cr\u00edtico e algum acidente mais grave pode acontecer a qualquer momento. A prefeitura precisa tomar as medidas cab\u00edveis&#8221;, finalizou o vereador.<\/p>\n","protected":false},"excerpt":{"rendered":"<p>No intuito de abastecer com informa\u00e7\u00f5es e dados a Comiss\u00e3o de Transporte P\u00fablico e Mobilidade<\/p>\n","protected":false},"author":1,"featured_media":37536,"comment_status":"closed","ping_status":"open","sticky":false,"template":"","format":"standard","meta":{"spay_email":"","footnotes":"","jetpack_publicize_message":""},"categories":[2],"tags":[],"jetpack_featured_media_url":"https:\/\/i1.wp.com\/jornaldeitaipava.com.br\/wp-content\/uploads\/2023\/12\/Vereador-Eduardo-do-Blog-em-fiscalizacao-2-1.jpeg?fit=1185%2C905&ssl=1","jetpack_publicize_connections":[],"jetpack_sharing_enabled":true,"jetpack_likes_enabled":true,"jetpack-related-posts":[],"_links":{"self":[{"href":"https:\/\/jornaldeitaipava.com.br\/index.php\/wp-json\/wp\/v2\/posts\/37535"}],"collection":[{"href":"https:\/\/jornaldeitaipava.com.br\/index.php\/wp-json\/wp\/v2\/posts"}],"about":[{"href":"https:\/\/jornaldeitaipava.com.br\/index.php\/wp-json\/wp\/v2\/types\/post"}],"author":[{"embeddable":true,"href":"https:\/\/jornaldeitaipava.com.br\/index.php\/wp-json\/wp\/v2\/users\/1"}],"replies":[{"embeddable":true,"href":"https:\/\/jornaldeitaipava.com.br\/index.php\/wp-json\/wp\/v2\/comments?post=37535"}],"version-history":[{"count":1,"href":"https:\/\/jornaldeitaipava.com.br\/index.php\/wp-json\/wp\/v2\/posts\/37535\/revisions"}],"predecessor-version":[{"id":37538,"href":"https:\/\/jornaldeitaipava.com.br\/index.php\/wp-json\/wp\/v2\/posts\/37535\/revisions\/37538"}],"wp:featuredmedia":[{"embeddable":true,"href":"https:\/\/jornaldeitaipava.com.br\/index.php\/wp-json\/wp\/v2\/media\/37536"}],"wp:attachment":[{"href":"https:\/\/jornaldeitaipava.com.br\/index.php\/wp-json\/wp\/v2\/media?parent=37535"}],"wp:term":[{"taxonomy":"category","embeddable":true,"href":"https:\/\/jornaldeitaipava.com.br\/index.php\/wp-json\/wp\/v2\/categories?post=37535"},{"taxonomy":"post_tag","embeddable":true,"href":"https:\/\/jornaldeitaipava.com.br\/index.php\/wp-json\/wp\/v2\/tags?post=37535"}],"curies":[{"name":"wp","href":"https:\/\/api.w.org\/{rel}","templated":true}]}}