{"id":37545,"date":"2023-12-12T18:23:48","date_gmt":"2023-12-12T21:23:48","guid":{"rendered":"http:\/\/jornaldeitaipava.com.br\/?p=37545"},"modified":"2023-12-12T18:23:50","modified_gmt":"2023-12-12T21:23:50","slug":"casa-de-petropolis-tera-concerto-de-natal-com-o-coro-bienias-prim","status":"publish","type":"post","link":"https:\/\/jornaldeitaipava.com.br\/index.php\/2023\/12\/12\/casa-de-petropolis-tera-concerto-de-natal-com-o-coro-bienias-prim\/","title":{"rendered":"Casa de Petr\u00f3polis ter\u00e1 Concerto de Natal com o Coro Bienias &#038; Prim"},"content":{"rendered":"\n<p><strong>Apresenta\u00e7\u00e3o ser\u00e1 no pr\u00f3ximo 16 de dezembro, \u00e0s 20h30; ingressos j\u00e1 est\u00e3o \u00e0 venda<\/strong><\/p>\n\n\n\n<p><br>O clima natalino toma conta da Casa de Petr\u00f3polis Instituto de Cultura com a apresenta\u00e7\u00e3o do Coro Bienias &amp; Prim. O evento acontece no pr\u00f3ximo 16 de dezembro, a partir das 20h30. Os ingressos j\u00e1 est\u00e3o \u00e0 venda. No repert\u00f3rio, cl\u00e1ssicos desta \u00e9poca do ano como \u201cNoite Feliz\u201d, \u201cBoas Festas\u201d, \u201cAmazing Grace\u201d e muitas outras can\u00e7\u00f5es.<br>A apresenta\u00e7\u00e3o do coro comp\u00f5e a programa\u00e7\u00e3o de fim de ano do espa\u00e7o multicultural, que conta, ainda, com um Concerto especial do pianista Luiz De Simone, programado para o dia 29, fechando com chave de ouro a s\u00e9rie \u201cA Nova M\u00fasica Cl\u00e1ssica para Piano\u201d.<br>Bienias &amp; Prim tem um vasto repert\u00f3rio que conta com canto gregoriano, polifonia renascentista, m\u00fasica secular e MPB. O grupo tem como objetivo propagar m\u00fasica de qualidade, investindo de forma permanente no estudo da t\u00e9cnica vocal, atrav\u00e9s de novas pe\u00e7as de variados estilos e \u00e9pocas. &#8220;A m\u00fasica uniu nossas vidas, e decidimos devolver aos ouvintes os melhores sons desta jornada&#8221;, destacam os membros do coro.<br>Formado por ex-integrantes do Canarinhos de Petr\u00f3polis, o grupo fundado em julho de 2019, leva esse nome em homenagem aos mestres Frei Leto Bienias e Frei Jos\u00e9 Luiz Prim \u2013 educadores respons\u00e1veis pela forma\u00e7\u00e3o dos seus componentes.<\/p>\n\n\n\n<p><strong>Programa<br><\/strong>Um repert\u00f3rio diversificado ser\u00e1 apresentado durante o evento especial de Natal, trazendo uma atmosfera \u00fanica e emocionante. Entre as m\u00fasicas que comp\u00f5em o programa est\u00e3o &#8220;Puer Natus Est&#8221;, um emocionante canto gregoriano, seguido por &#8220;Transeamus Usque Bethlehem&#8221; de Schnabel. O cl\u00e1ssico &#8220;O Little Town of Bethlehem&#8221; de Lewis H. Redner e &#8220;The First Noel&#8221;, um canto tradicional natalino, tamb\u00e9m estar\u00e3o presentes.<br>Al\u00e9m disso, haver\u00e1 interpreta\u00e7\u00f5es de &#8220;When I Need a Friend&#8221; dos compositores Chris Martin, Guy Berryman, Jonny Buckland e Will Champion, com arranjo de Nathan Wurst, assim como &#8220;Joy to The World&#8221; de J. F. Haendel e &#8220;Adeste Fideles&#8221; de John Francis Wande.<br>O p\u00fablico tamb\u00e9m ter\u00e1 o prazer de ouvir &#8220;Hark! The Herald Angels Sing&#8221; de Felix Mendelssohn Bartholdy, &#8220;Amazing Grace&#8221;, um c\u00e2ntico norte-americano, e &#8220;Holly Night&#8221; de Adolphe Adam, com arranjo de Breno Mendes. Complementando o repert\u00f3rio, ser\u00e3o apresentadas &#8220;Boas Festas&#8221; de Assis Valente, &#8220;Nasceu o Grande Rei&#8221; da Comunidade Shalon, e a cl\u00e1ssica &#8220;Noite Feliz&#8221; de Franz Xaver Gruber.<br>Os ingressos para o concerto j\u00e1 est\u00e3o \u00e0 venda e custam R$ 20 (inteira) e R$ 10 (meia). Eles podem ser adquiridos na bilheteria da Casa ou pelo site https:\/\/culturacasadepetropolis.com.br\/ingresso\/. A Casa de Petr\u00f3polis fica na Rua Ipiranga, 716, no Centro Hist\u00f3rico e possui estacionamento rotativo.<\/p>\n\n\n\n<p><strong>Servi\u00e7o:<br><\/strong>Concerto de Natal da Casa de Petr\u00f3polis<br>Quando: S\u00e1bado (16), \u00e0s 20h<br>Local: Casa de Petr\u00f3polis Instituto de Cultura<br>Endere\u00e7o: Avenida Ipiranga, n\u00ba 716, Centro<br>Ingressos: R$ 20 (inteira)\/ R$ 10 (meia)<br>Pr\u00e9-venda: na Bilheteria da Casa at\u00e9 o dia do evento ou pelo site https:\/\/culturacasadepetropolis.com.br\/ingresso\/<br>Sujeito \u00e0 lota\u00e7\u00e3o<br>O local possui estacionamento rotativo<\/p>\n","protected":false},"excerpt":{"rendered":"<p>Apresenta\u00e7\u00e3o ser\u00e1 no pr\u00f3ximo 16 de dezembro, \u00e0s 20h30; ingressos j\u00e1 est\u00e3o \u00e0 venda O<\/p>\n","protected":false},"author":1,"featured_media":37546,"comment_status":"closed","ping_status":"open","sticky":false,"template":"","format":"standard","meta":{"spay_email":"","footnotes":"","jetpack_publicize_message":""},"categories":[1],"tags":[],"jetpack_featured_media_url":"https:\/\/i0.wp.com\/jornaldeitaipava.com.br\/wp-content\/uploads\/2023\/12\/Bienias-Prim.jpeg?fit=720%2C453&ssl=1","jetpack_publicize_connections":[],"jetpack_sharing_enabled":true,"jetpack_likes_enabled":true,"jetpack-related-posts":[],"_links":{"self":[{"href":"https:\/\/jornaldeitaipava.com.br\/index.php\/wp-json\/wp\/v2\/posts\/37545"}],"collection":[{"href":"https:\/\/jornaldeitaipava.com.br\/index.php\/wp-json\/wp\/v2\/posts"}],"about":[{"href":"https:\/\/jornaldeitaipava.com.br\/index.php\/wp-json\/wp\/v2\/types\/post"}],"author":[{"embeddable":true,"href":"https:\/\/jornaldeitaipava.com.br\/index.php\/wp-json\/wp\/v2\/users\/1"}],"replies":[{"embeddable":true,"href":"https:\/\/jornaldeitaipava.com.br\/index.php\/wp-json\/wp\/v2\/comments?post=37545"}],"version-history":[{"count":1,"href":"https:\/\/jornaldeitaipava.com.br\/index.php\/wp-json\/wp\/v2\/posts\/37545\/revisions"}],"predecessor-version":[{"id":37547,"href":"https:\/\/jornaldeitaipava.com.br\/index.php\/wp-json\/wp\/v2\/posts\/37545\/revisions\/37547"}],"wp:featuredmedia":[{"embeddable":true,"href":"https:\/\/jornaldeitaipava.com.br\/index.php\/wp-json\/wp\/v2\/media\/37546"}],"wp:attachment":[{"href":"https:\/\/jornaldeitaipava.com.br\/index.php\/wp-json\/wp\/v2\/media?parent=37545"}],"wp:term":[{"taxonomy":"category","embeddable":true,"href":"https:\/\/jornaldeitaipava.com.br\/index.php\/wp-json\/wp\/v2\/categories?post=37545"},{"taxonomy":"post_tag","embeddable":true,"href":"https:\/\/jornaldeitaipava.com.br\/index.php\/wp-json\/wp\/v2\/tags?post=37545"}],"curies":[{"name":"wp","href":"https:\/\/api.w.org\/{rel}","templated":true}]}}