{"id":37744,"date":"2023-12-29T09:49:43","date_gmt":"2023-12-29T12:49:43","guid":{"rendered":"http:\/\/jornaldeitaipava.com.br\/?p=37744"},"modified":"2023-12-26T17:53:22","modified_gmt":"2023-12-26T20:53:22","slug":"pequena-tribo-encerra-semestre-com-festa-sobre-cultura-africana","status":"publish","type":"post","link":"https:\/\/jornaldeitaipava.com.br\/index.php\/2023\/12\/29\/pequena-tribo-encerra-semestre-com-festa-sobre-cultura-africana\/","title":{"rendered":"Pequena Tribo encerra semestre com festa sobre cultura africana"},"content":{"rendered":"\n<p><em>Projeto Social colhe frutos e dobra para 100 o n\u00famero de vagas para 2024<\/em><\/p>\n\n\n\n<p>O projeto social Pequena Tribo encerrou, na \u00faltima sexta-feira (15\/12), as atividades de 2023 colhendo frutos positivos do trabalho com 50 crian\u00e7as da Escola Municipal Odette Young Monteiro, no Bonfim. A festa de encerramento do ano letivo teve como tema \u201cOs encantos da \u00c1frica\u201d e foi uma verdadeira viagem pela cultura africana. As crian\u00e7as encenaram uma lenda chamada \u201cSundiata\u201d e fizeram apresenta\u00e7\u00f5es de dan\u00e7as africanas, uma delas foi o Maculel\u00ea.<\/p>\n\n\n\n<p>A festividade contou com exposi\u00e7\u00e3o dos trabalhos feitos pelas crian\u00e7as durante o semestre como confec\u00e7\u00e3o de m\u00e1scaras, instrumentos musicais africanos e pinturas de animais da \u00c1frica. O programa Pequena Tribo foi criado para oferecer estudo extracurricular de gra\u00e7a para meninos e meninas de escolas p\u00fablicas por meio de viv\u00eancias e oficinas pedag\u00f3gicas e l\u00fadicas que resgatam a cultura dos povos ancestrais.<\/p>\n\n\n\n<p>\u201cO projeto tem dado t\u00e3o certo e temos resultados t\u00e3o positivos que vamos dobrar o n\u00famero de vagas, ampliando para 100 crian\u00e7as atendidas aqui no Bonfim. Fico feliz em poder contar a hist\u00f3ria dos povos origin\u00e1rios para essas crian\u00e7as. Esse semestre al\u00e9m da cultura africana, estudamos as tradi\u00e7\u00f5es dos povos indianos e ind\u00edgenas\u201d, anunciou o professor tradicional de Vedanta Jonas Masetti, idealizador do projeto.<\/p>\n\n\n\n<p>Um dos objetivos do programa tamb\u00e9m \u00e9 promover o desenvolvimento das compet\u00eancias socioemocionais nos pequenos. Ao estimular o autoconhecimento na inf\u00e2ncia, a crian\u00e7a desenvolve sua autoestima, aprende a reconhecer melhor suas emo\u00e7\u00f5es e desenvolve estrat\u00e9gias positivas para lidar com seus sentimentos, al\u00e9m de se tornar um adulto com boa sa\u00fade emocional, sabendo lidar de forma madura com os desafios da fase adulta.<\/p>\n\n\n\n<p>\u00c9 o que os pais t\u00eam reconhecido em seus filhos. \u201cMeu menino est\u00e1 muito mais soci\u00e1vel desde que entrou para o programa. Ele era meio sozinho. Est\u00e1 mais compreens\u00edvel com os professores e com os amiguinhos. Agora se integra para jogar bola e outras atividades. \u00c9 outra crian\u00e7a\u201d, disse o agente ambiental Jo\u00e3o Christi.<\/p>\n\n\n\n<p>Melhorias percebidas tamb\u00e9m pela Eliene, m\u00e3e da pequena Eduarda. \u201cA Duda \u00e9 muito criativa. Mas eu a sentia um pouco insegura. Como ela \u00e9 bem expressiva e comunicativa, \u00e0s vezes assustava as pessoas. Com apenas 09 anos \u00e9 dif\u00edcil vencer a inseguran\u00e7a, competitividade e as compara\u00e7\u00f5es. Mas depois que entrou para a Pequena Tribo, eu percebi que ela se libertou. Est\u00e1 mais livre para escolher o que quer ser, o que quer fazer. Percebo que ela n\u00e3o tem mais medo de ser quem \u00e9. Ela solidificou sua personalidade, sendo aut\u00eantica e trabalhando seu emocional\u201d, contou.<\/p>\n\n\n\n<p>\u201cFinalizamos o semestre com o sentimento de dever cumprido. Conseguimos entregar o que t\u00ednhamos planejado no in\u00edcio do ano: as crian\u00e7as se expressando ainda melhor. A gente pode ver isso nas dan\u00e7as e na encena\u00e7\u00e3o da pe\u00e7a da literatura africana, com a desenvoltura, tanto oral como corporal. Percebemos uma evolu\u00e7\u00e3o muito grande. No controle emocional, as crian\u00e7as est\u00e3o muito mais concentradas durante as aulas regulares. Temos o feedback muito positivo da escola\u201d, finalizou Rodrigo Ribas, coordenador da Pequena Tribo.<\/p>\n\n\n\n<p>Para acompanhar as atividades da Pequena Tribo, basta seguir o projeto no Instagram @pequenatribo.<\/p>\n","protected":false},"excerpt":{"rendered":"<p>Projeto Social colhe frutos e dobra para 100 o n\u00famero de vagas para 2024 O<\/p>\n","protected":false},"author":1,"featured_media":37745,"comment_status":"closed","ping_status":"open","sticky":false,"template":"","format":"standard","meta":{"spay_email":"","footnotes":"","jetpack_publicize_message":""},"categories":[2],"tags":[],"jetpack_featured_media_url":"https:\/\/i0.wp.com\/jornaldeitaipava.com.br\/wp-content\/uploads\/2023\/12\/Equipe-e-alunos-Pequena-Tribo-2023.jpg?fit=1023%2C1022&ssl=1","jetpack_publicize_connections":[],"jetpack_sharing_enabled":true,"jetpack_likes_enabled":true,"jetpack-related-posts":[],"_links":{"self":[{"href":"https:\/\/jornaldeitaipava.com.br\/index.php\/wp-json\/wp\/v2\/posts\/37744"}],"collection":[{"href":"https:\/\/jornaldeitaipava.com.br\/index.php\/wp-json\/wp\/v2\/posts"}],"about":[{"href":"https:\/\/jornaldeitaipava.com.br\/index.php\/wp-json\/wp\/v2\/types\/post"}],"author":[{"embeddable":true,"href":"https:\/\/jornaldeitaipava.com.br\/index.php\/wp-json\/wp\/v2\/users\/1"}],"replies":[{"embeddable":true,"href":"https:\/\/jornaldeitaipava.com.br\/index.php\/wp-json\/wp\/v2\/comments?post=37744"}],"version-history":[{"count":1,"href":"https:\/\/jornaldeitaipava.com.br\/index.php\/wp-json\/wp\/v2\/posts\/37744\/revisions"}],"predecessor-version":[{"id":37746,"href":"https:\/\/jornaldeitaipava.com.br\/index.php\/wp-json\/wp\/v2\/posts\/37744\/revisions\/37746"}],"wp:featuredmedia":[{"embeddable":true,"href":"https:\/\/jornaldeitaipava.com.br\/index.php\/wp-json\/wp\/v2\/media\/37745"}],"wp:attachment":[{"href":"https:\/\/jornaldeitaipava.com.br\/index.php\/wp-json\/wp\/v2\/media?parent=37744"}],"wp:term":[{"taxonomy":"category","embeddable":true,"href":"https:\/\/jornaldeitaipava.com.br\/index.php\/wp-json\/wp\/v2\/categories?post=37744"},{"taxonomy":"post_tag","embeddable":true,"href":"https:\/\/jornaldeitaipava.com.br\/index.php\/wp-json\/wp\/v2\/tags?post=37744"}],"curies":[{"name":"wp","href":"https:\/\/api.w.org\/{rel}","templated":true}]}}