{"id":37775,"date":"2023-12-26T18:34:26","date_gmt":"2023-12-26T21:34:26","guid":{"rendered":"http:\/\/jornaldeitaipava.com.br\/?p=37775"},"modified":"2023-12-26T18:34:29","modified_gmt":"2023-12-26T21:34:29","slug":"setor-de-tecnologia-cresce-mais-de-20-em-teresopolis-em-2023","status":"publish","type":"post","link":"https:\/\/jornaldeitaipava.com.br\/index.php\/2023\/12\/26\/setor-de-tecnologia-cresce-mais-de-20-em-teresopolis-em-2023\/","title":{"rendered":"Setor de tecnologia cresce mais de 20% em Teres\u00f3polis em 2023"},"content":{"rendered":"\n<p>O setor de tecnologia \u00e9 um dos segmentos que mais crescem no Brasil e no mundo, com melhores oportunidades de emprego do que diversos outros setores do mercado de trabalho. Em Teres\u00f3polis, os n\u00fameros s\u00e3o bastante positivos, com 17 novas empresas instaladas, totalizando 320 empresas de TI ativas no munic\u00edpio; e aumento de mais de 20% no faturamento, que subiu de R$ 338 milh\u00f5es para R$ 407 milh\u00f5es em 2023.<br>O levantamento \u00e9 da Secretaria Municipal de Ci\u00eancia e Tecnologia, com dados da Secretaria Municipal de Fazenda, e auxilia no monitoramento das pol\u00edticas p\u00fablicas implementadas pela gest\u00e3o municipal. Durante este ano, 17 empresas abriram ou se transferiram para Teres\u00f3polis, o que representa mais oportunidades de emprego e circula\u00e7\u00e3o de renda no munic\u00edpio em uma \u00e1rea que possui escassez de m\u00e3o de obra qualificada.<br>\u201cEsses n\u00fameros mostram que a pol\u00edtica p\u00fablica municipal de Ci\u00eancia e Tecnologia vem dando resultados. Temos investido em projetos e a\u00e7\u00f5es que buscam revigorar a voca\u00e7\u00e3o tecnol\u00f3gica de Teres\u00f3polis em prol do desenvolvimento econ\u00f4mico e sustent\u00e1vel com gera\u00e7\u00e3o de empregos em nossa cidade\u201d, avaliou o Prefeito Vinicius Claussen.<br>O secret\u00e1rio de Ci\u00eancia e Tecnologia, Vinicius Oberg, destacou as oportunidades de qualifica\u00e7\u00e3o oferecidas gratuitamente \u00e0s pessoas que desejam ingressar neste mercado, por meio do programa \u2018Gera\u00e7\u00e3o Teretec\u2019.<br>\u201cO programa \u00e9 uma iniciativa do Prefeito Vinicius Claussen que conta com a parceria de institui\u00e7\u00f5es de ensino e projetos sociais, como o Serratec, Galileo, Faetec, Cecierj, e Senac. Este ano j\u00e1 ofertamos 489 vagas em diversos cursos gratuitos, com 185 formandos\u201d, comentou Vinicius Oberg.<br>Segundo dados da Rela\u00e7\u00e3o Anual de Informa\u00e7\u00f5es Sociais (RAIS), ao final de 2021, o setor de TI registrou cerca de 632 mil empregos formais no Brasil, o que representou um crescimento m\u00e9dio de 25% em rela\u00e7\u00e3o ao ano anterior. Teres\u00f3polis faz parte, em conjunto com Petr\u00f3polis, Nova Friburgo e Areal, do SerraTec, maior parque tecnol\u00f3gico do interior fluminense.<br>Atualmente, o setor de tecnologia da regi\u00e3o re\u00fane mais de 400 empresas, fatura mais de 1,1 bilh\u00f5es de reais e gera cerca de cinco mil postos de trabalho, desenvolvendo projetos estrat\u00e9gicos em tecnologia no Brasil e no exterior.<\/p>\n","protected":false},"excerpt":{"rendered":"<p>O setor de tecnologia \u00e9 um dos segmentos que mais crescem no Brasil e no<\/p>\n","protected":false},"author":1,"featured_media":14014,"comment_status":"closed","ping_status":"open","sticky":false,"template":"","format":"standard","meta":{"spay_email":"","footnotes":"","jetpack_publicize_message":""},"categories":[5],"tags":[],"jetpack_featured_media_url":"https:\/\/i1.wp.com\/jornaldeitaipava.com.br\/wp-content\/uploads\/2021\/04\/TERE2-1.jpg?fit=418%2C249&ssl=1","jetpack_publicize_connections":[],"jetpack_sharing_enabled":true,"jetpack_likes_enabled":true,"jetpack-related-posts":[],"_links":{"self":[{"href":"https:\/\/jornaldeitaipava.com.br\/index.php\/wp-json\/wp\/v2\/posts\/37775"}],"collection":[{"href":"https:\/\/jornaldeitaipava.com.br\/index.php\/wp-json\/wp\/v2\/posts"}],"about":[{"href":"https:\/\/jornaldeitaipava.com.br\/index.php\/wp-json\/wp\/v2\/types\/post"}],"author":[{"embeddable":true,"href":"https:\/\/jornaldeitaipava.com.br\/index.php\/wp-json\/wp\/v2\/users\/1"}],"replies":[{"embeddable":true,"href":"https:\/\/jornaldeitaipava.com.br\/index.php\/wp-json\/wp\/v2\/comments?post=37775"}],"version-history":[{"count":1,"href":"https:\/\/jornaldeitaipava.com.br\/index.php\/wp-json\/wp\/v2\/posts\/37775\/revisions"}],"predecessor-version":[{"id":37776,"href":"https:\/\/jornaldeitaipava.com.br\/index.php\/wp-json\/wp\/v2\/posts\/37775\/revisions\/37776"}],"wp:featuredmedia":[{"embeddable":true,"href":"https:\/\/jornaldeitaipava.com.br\/index.php\/wp-json\/wp\/v2\/media\/14014"}],"wp:attachment":[{"href":"https:\/\/jornaldeitaipava.com.br\/index.php\/wp-json\/wp\/v2\/media?parent=37775"}],"wp:term":[{"taxonomy":"category","embeddable":true,"href":"https:\/\/jornaldeitaipava.com.br\/index.php\/wp-json\/wp\/v2\/categories?post=37775"},{"taxonomy":"post_tag","embeddable":true,"href":"https:\/\/jornaldeitaipava.com.br\/index.php\/wp-json\/wp\/v2\/tags?post=37775"}],"curies":[{"name":"wp","href":"https:\/\/api.w.org\/{rel}","templated":true}]}}