{"id":37777,"date":"2023-12-26T18:46:17","date_gmt":"2023-12-26T21:46:17","guid":{"rendered":"http:\/\/jornaldeitaipava.com.br\/?p=37777"},"modified":"2023-12-26T18:46:21","modified_gmt":"2023-12-26T21:46:21","slug":"reveillon-em-paraty-tera-oito-palcos-com-queima-de-fogos","status":"publish","type":"post","link":"https:\/\/jornaldeitaipava.com.br\/index.php\/2023\/12\/26\/reveillon-em-paraty-tera-oito-palcos-com-queima-de-fogos\/","title":{"rendered":"R\u00e9veillon em Paraty ter\u00e1 oito palcos com queima de fogos"},"content":{"rendered":"\n<p>A festa de R\u00e9veillon em Paraty ter\u00e1 oito palcos com queima de fogos e nove palcos com shows musicais e DJs, espalhados pelas principais praias do munic\u00edpio e pelo Centro Hist\u00f3rico.<br>A descentraliza\u00e7\u00e3o das comemora\u00e7\u00f5es do R\u00e9veillon foi adotada pela atual administra\u00e7\u00e3o para promover os atrativos tur\u00edsticos em v\u00e1rios pontos do munic\u00edpio e evitar o deslocamento at\u00e9 o centro.<br>Neste ano, est\u00e3o previstas queimas de fogo e shows na Prainha, Tarituba, Corumb\u00ea, Paraty Mirim, Trindade, Jabaquara e em dois pontos do Centro Hist\u00f3rico (Largo de Santa Rita e Pontal). Haver\u00e1 ainda um nono palco apenas com m\u00fasica na Pra\u00e7a da Matriz.<br>A programa\u00e7\u00e3o come\u00e7a no s\u00e1bado, 30 dezembro, com eventos de pr\u00e9-R\u00e9veillon em todos os palcos. Na Praia do Pontal, neste dia, v\u00e3o se apresentar o bloco Meninos do Pontal, Dyego Rezende e Confraria Musical. O encerramento \u00e9 com o DJ Marcos Ferrari.<br>Na Praia do Jabaquara, haver\u00e1 um show com a banda Ratones, \u00e0s 20h, e o encerramento ser\u00e1 com o DJ Marino.<br>No dia 31, a Praia do Pontal recebe a Banda Riffer e Pedrinho do Cavaco. No Jabaquara, as atra\u00e7\u00f5es s\u00e3o a banda Coquetel Molotov e Fabiano Magalh\u00e3es.<\/p>\n","protected":false},"excerpt":{"rendered":"<p>A festa de R\u00e9veillon em Paraty ter\u00e1 oito palcos com queima de fogos e nove<\/p>\n","protected":false},"author":1,"featured_media":33170,"comment_status":"closed","ping_status":"open","sticky":false,"template":"","format":"standard","meta":{"spay_email":"","footnotes":"","jetpack_publicize_message":""},"categories":[42],"tags":[],"jetpack_featured_media_url":"https:\/\/i2.wp.com\/jornaldeitaipava.com.br\/wp-content\/uploads\/2023\/02\/paraty.jpg?fit=1800%2C831&ssl=1","jetpack_publicize_connections":[],"jetpack_sharing_enabled":true,"jetpack_likes_enabled":true,"jetpack-related-posts":[],"_links":{"self":[{"href":"https:\/\/jornaldeitaipava.com.br\/index.php\/wp-json\/wp\/v2\/posts\/37777"}],"collection":[{"href":"https:\/\/jornaldeitaipava.com.br\/index.php\/wp-json\/wp\/v2\/posts"}],"about":[{"href":"https:\/\/jornaldeitaipava.com.br\/index.php\/wp-json\/wp\/v2\/types\/post"}],"author":[{"embeddable":true,"href":"https:\/\/jornaldeitaipava.com.br\/index.php\/wp-json\/wp\/v2\/users\/1"}],"replies":[{"embeddable":true,"href":"https:\/\/jornaldeitaipava.com.br\/index.php\/wp-json\/wp\/v2\/comments?post=37777"}],"version-history":[{"count":1,"href":"https:\/\/jornaldeitaipava.com.br\/index.php\/wp-json\/wp\/v2\/posts\/37777\/revisions"}],"predecessor-version":[{"id":37778,"href":"https:\/\/jornaldeitaipava.com.br\/index.php\/wp-json\/wp\/v2\/posts\/37777\/revisions\/37778"}],"wp:featuredmedia":[{"embeddable":true,"href":"https:\/\/jornaldeitaipava.com.br\/index.php\/wp-json\/wp\/v2\/media\/33170"}],"wp:attachment":[{"href":"https:\/\/jornaldeitaipava.com.br\/index.php\/wp-json\/wp\/v2\/media?parent=37777"}],"wp:term":[{"taxonomy":"category","embeddable":true,"href":"https:\/\/jornaldeitaipava.com.br\/index.php\/wp-json\/wp\/v2\/categories?post=37777"},{"taxonomy":"post_tag","embeddable":true,"href":"https:\/\/jornaldeitaipava.com.br\/index.php\/wp-json\/wp\/v2\/tags?post=37777"}],"curies":[{"name":"wp","href":"https:\/\/api.w.org\/{rel}","templated":true}]}}