{"id":37786,"date":"2023-12-27T17:16:43","date_gmt":"2023-12-27T20:16:43","guid":{"rendered":"http:\/\/jornaldeitaipava.com.br\/?p=37786"},"modified":"2023-12-27T17:16:49","modified_gmt":"2023-12-27T20:16:49","slug":"prefeitura-anuncia-concurso-para-a-guarda-municipal","status":"publish","type":"post","link":"https:\/\/jornaldeitaipava.com.br\/index.php\/2023\/12\/27\/prefeitura-anuncia-concurso-para-a-guarda-municipal\/","title":{"rendered":"Prefeitura anuncia concurso para a Guarda Municipal"},"content":{"rendered":"\n<p>O concurso faz parte do conjunto de medidas que a Prefeitura, em parceria com a Pol\u00edcia Militar e com a sociedade civil organizada, tomar\u00e1 para combater as motos irregulares em Petr\u00f3polis.<br>\u201cEstou anunciando aqui a abertura do concurso para a Guarda Municipal. Isso \u00e9 prioridade m\u00e1xima. \u00c9 pra ontem. Precisamos fortalecer a nossa Guarda Municipal, para ela ter uma atua\u00e7\u00e3o mais contundente, mais robusta, sempre em parceria com a Pol\u00edcia Militar. O \u00faltimo concurso para a Guarda foi em 2005, no nosso governo\u201d, disse o prefeito Rubens Bomtempo.<br>Tamb\u00e9m est\u00e3o previstas outras medidas para combater as motos irregulares: a intensifica\u00e7\u00e3o das a\u00e7\u00f5es de fiscaliza\u00e7\u00e3o conjuntas entre Guarda Municipal e Pol\u00edcia Militar, com o apoio da CPTrans; o financiamento da regulariza\u00e7\u00e3o das motos pelo munic\u00edpio; uma campanha robusta de sensibiliza\u00e7\u00e3o junto a motociclistas e empres\u00e1rios; um selo para o empres\u00e1rio que contratar entregadores com motos regulares; um trabalho de educa\u00e7\u00e3o nas escolas; entre outras.<\/p>\n\n\n\n<p><strong>Reuni\u00e3o extraordin\u00e1ria em resposta ao \u201crolezinho\u201d de Natal<br><\/strong>Essas a\u00e7\u00f5es foram debatidas durante reuni\u00e3o extraordin\u00e1ria do Conselho Municipal de Seguran\u00e7a P\u00fablica, na Casa dos Conselhos Municipais Augusto \u00c2ngelo Zanatta. O governo municipal ir\u00e1 trabalhar nessas propostas nos pr\u00f3ximos dias, para, na pr\u00f3xima reuni\u00e3o do conselho, j\u00e1 apresentar um proposta para ser executada.<br>A reuni\u00e3o foi uma resposta do munic\u00edpio ao acontecido na madrugada de Natal em v\u00e1rias cidades do pa\u00eds (Petr\u00f3polis foi uma delas). Os chamados \u201crolezinhos\u201d. Encontros de dezenas de motociclistas, com motos com o escapamento adulterado, para, propositadamente, provocar um barulho excessivo pelas ruas por onde passam.<br>\u201cVamos combater esse problema com di\u00e1logo, intelig\u00eancia e repress\u00e3o. Entendi que, na madrugada do Natal, n\u00f3s fomos desafiados. E n\u00f3s aceitamos o desafio. Vamos enfrentar o problema. Se, em 2 anos, n\u00f3s conseguimos recuperar a cidade do maior desastre da hist\u00f3ria de Petr\u00f3polis, n\u00f3s temos capacidade de cuidar de todos os problemas, inclusive desse\u201d, disse Bomtempo.<br>Tamb\u00e9m participaram da reuni\u00e3o: o comandante do 26\u00ba Batalh\u00e3o de Pol\u00edcia Militar (Petr\u00f3polis), tenente-coronel Celso Jorge Lydia Filho; o secret\u00e1rio de Seguran\u00e7a, Servi\u00e7os e Ordem P\u00fablica (SSSOP), Ramon Mello; o diretor-presidente da CPTrans, Thiago Damaceno; e, representando o Conselho Comunit\u00e1rio de Seguran\u00e7a, Guilherme Lacombe e Alvanei Abi Daoud.<\/p>\n","protected":false},"excerpt":{"rendered":"<p>O concurso faz parte do conjunto de medidas que a Prefeitura, em parceria com a<\/p>\n","protected":false},"author":1,"featured_media":13750,"comment_status":"closed","ping_status":"open","sticky":false,"template":"","format":"standard","meta":{"spay_email":"","footnotes":"","jetpack_publicize_message":""},"categories":[24],"tags":[],"jetpack_featured_media_url":"https:\/\/i0.wp.com\/jornaldeitaipava.com.br\/wp-content\/uploads\/2021\/04\/PALACIO-SERGIO-FADEL.jpg?fit=513%2C299&ssl=1","jetpack_publicize_connections":[],"jetpack_sharing_enabled":true,"jetpack_likes_enabled":true,"jetpack-related-posts":[],"_links":{"self":[{"href":"https:\/\/jornaldeitaipava.com.br\/index.php\/wp-json\/wp\/v2\/posts\/37786"}],"collection":[{"href":"https:\/\/jornaldeitaipava.com.br\/index.php\/wp-json\/wp\/v2\/posts"}],"about":[{"href":"https:\/\/jornaldeitaipava.com.br\/index.php\/wp-json\/wp\/v2\/types\/post"}],"author":[{"embeddable":true,"href":"https:\/\/jornaldeitaipava.com.br\/index.php\/wp-json\/wp\/v2\/users\/1"}],"replies":[{"embeddable":true,"href":"https:\/\/jornaldeitaipava.com.br\/index.php\/wp-json\/wp\/v2\/comments?post=37786"}],"version-history":[{"count":1,"href":"https:\/\/jornaldeitaipava.com.br\/index.php\/wp-json\/wp\/v2\/posts\/37786\/revisions"}],"predecessor-version":[{"id":37787,"href":"https:\/\/jornaldeitaipava.com.br\/index.php\/wp-json\/wp\/v2\/posts\/37786\/revisions\/37787"}],"wp:featuredmedia":[{"embeddable":true,"href":"https:\/\/jornaldeitaipava.com.br\/index.php\/wp-json\/wp\/v2\/media\/13750"}],"wp:attachment":[{"href":"https:\/\/jornaldeitaipava.com.br\/index.php\/wp-json\/wp\/v2\/media?parent=37786"}],"wp:term":[{"taxonomy":"category","embeddable":true,"href":"https:\/\/jornaldeitaipava.com.br\/index.php\/wp-json\/wp\/v2\/categories?post=37786"},{"taxonomy":"post_tag","embeddable":true,"href":"https:\/\/jornaldeitaipava.com.br\/index.php\/wp-json\/wp\/v2\/tags?post=37786"}],"curies":[{"name":"wp","href":"https:\/\/api.w.org\/{rel}","templated":true}]}}