{"id":37788,"date":"2023-12-29T13:30:17","date_gmt":"2023-12-29T16:30:17","guid":{"rendered":"http:\/\/jornaldeitaipava.com.br\/?p=37788"},"modified":"2023-12-29T13:30:26","modified_gmt":"2023-12-29T16:30:26","slug":"operacao-verao-acao-conjunta-da-gm-pm-e-civil-apreende-15-motocicletas-em-situacao-irregular-em-teresopolis","status":"publish","type":"post","link":"https:\/\/jornaldeitaipava.com.br\/index.php\/2023\/12\/29\/operacao-verao-acao-conjunta-da-gm-pm-e-civil-apreende-15-motocicletas-em-situacao-irregular-em-teresopolis\/","title":{"rendered":"Opera\u00e7\u00e3o Ver\u00e3o: A\u00e7\u00e3o conjunta da GM, PM e Civil apreende 15 motocicletas em situa\u00e7\u00e3o irregular em Teres\u00f3polis"},"content":{"rendered":"\n<p>Fiscaliza\u00e7\u00e3o foi estendida aos vendedores ambulantes n\u00e3o autorizados<br>Dando continuidade \u00e0 Opera\u00e7\u00e3o Ver\u00e3o, de fiscaliza\u00e7\u00e3o e manuten\u00e7\u00e3o da ordem p\u00fablica em locais estrat\u00e9gicos, na cidade e no interior, foi realizada mais uma a\u00e7\u00e3o conjunta entre a Secretaria Municipal de Seguran\u00e7a P\u00fablica, com agentes da Guarda Civil Municipal (GCM), da Ronda Ostensiva Municipal (ROMU) e policiais do 30\u00ba Batalh\u00e3o de Pol\u00edcia Militar e da Pol\u00edcia Civil.<br>Ocorrida nesta quarta-feira, 27\/12, em trecho da Avenida Feliciano Sodr\u00e9, na V\u00e1rzea, e da Rua Fileuterpe, no bairro de S\u00e3o Pedro, a a\u00e7\u00e3o resultou na apreens\u00e3o de 15 motocicletas em situa\u00e7\u00e3o irregular, como falta de placa e de documenta\u00e7\u00e3o do ve\u00edculo e de condutores, por exemplo. As motos foram encaminhadas para o Dep\u00f3sito P\u00fablico Municipal, onde se encontram outras 16, apreendidas durante a Opera\u00e7\u00e3o Natal, realizada nos dias 24 e 25 de dezembro.<br>Lan\u00e7ada neste m\u00eas de dezembro para intensificar a coibi\u00e7\u00e3o de infra\u00e7\u00f5es e garantir um tr\u00e2nsito mais seguro para condutores e pedestres, a Opera\u00e7\u00e3o Ver\u00e3o seguir\u00e1 durante todo o m\u00eas de janeiro. Ser\u00e3o conferidos o limite de velocidade nas vias urbanas e rurais, o respeito aos sinais de tr\u00e2nsito, a documenta\u00e7\u00e3o de motoristas e de ve\u00edculos, conforme previsto no C\u00f3dico de Tr\u00e2nsito Brasileiro.<br>Irregularidades como ve\u00edculos com cano de descarga aberto, falta de placas, avan\u00e7os de sinal e bandalhas no tr\u00e2nsito, como retorno em local n\u00e3o permitido e circula\u00e7\u00e3o em faixas de pedestres ou cal\u00e7adas, podem ser denunciadas pelo n\u00famero 153, da Guarda Civil Municipal. A liga\u00e7\u00e3o \u00e9 gratuita e a pessoa n\u00e3o precisa se identificar.<br>Combate ao com\u00e9rcio ambulante irregular: Ampliando as a\u00e7\u00f5es da Opera\u00e7\u00e3o Ver\u00e3o, as equipes da GCM e da PM fiscalizaram a atua\u00e7\u00e3o de vendedores ambulantes no centro da cidade. O objetivo foi identificar os que t\u00eam autoriza\u00e7\u00e3o da Prefeitura para exercer a atividade, por meio do programa \u201cT\u00f4 100% Legal\u201d, e orientar os que n\u00e3o t\u00eam, muitos deles de outras cidades, para que n\u00e3o insistam na pr\u00e1tica, a fim de evitar a apreens\u00e3o de suas mercadorias.<\/p>\n","protected":false},"excerpt":{"rendered":"<p>Fiscaliza\u00e7\u00e3o foi estendida aos vendedores ambulantes n\u00e3o autorizadosDando continuidade \u00e0 Opera\u00e7\u00e3o Ver\u00e3o, de fiscaliza\u00e7\u00e3o e<\/p>\n","protected":false},"author":1,"featured_media":37789,"comment_status":"closed","ping_status":"open","sticky":false,"template":"","format":"standard","meta":{"spay_email":"","footnotes":"","jetpack_publicize_message":""},"categories":[5],"tags":[],"jetpack_featured_media_url":"https:\/\/i0.wp.com\/jornaldeitaipava.com.br\/wp-content\/uploads\/2023\/12\/2-motos.jpeg?fit=1567%2C873&ssl=1","jetpack_publicize_connections":[],"jetpack_sharing_enabled":true,"jetpack_likes_enabled":true,"jetpack-related-posts":[],"_links":{"self":[{"href":"https:\/\/jornaldeitaipava.com.br\/index.php\/wp-json\/wp\/v2\/posts\/37788"}],"collection":[{"href":"https:\/\/jornaldeitaipava.com.br\/index.php\/wp-json\/wp\/v2\/posts"}],"about":[{"href":"https:\/\/jornaldeitaipava.com.br\/index.php\/wp-json\/wp\/v2\/types\/post"}],"author":[{"embeddable":true,"href":"https:\/\/jornaldeitaipava.com.br\/index.php\/wp-json\/wp\/v2\/users\/1"}],"replies":[{"embeddable":true,"href":"https:\/\/jornaldeitaipava.com.br\/index.php\/wp-json\/wp\/v2\/comments?post=37788"}],"version-history":[{"count":1,"href":"https:\/\/jornaldeitaipava.com.br\/index.php\/wp-json\/wp\/v2\/posts\/37788\/revisions"}],"predecessor-version":[{"id":37790,"href":"https:\/\/jornaldeitaipava.com.br\/index.php\/wp-json\/wp\/v2\/posts\/37788\/revisions\/37790"}],"wp:featuredmedia":[{"embeddable":true,"href":"https:\/\/jornaldeitaipava.com.br\/index.php\/wp-json\/wp\/v2\/media\/37789"}],"wp:attachment":[{"href":"https:\/\/jornaldeitaipava.com.br\/index.php\/wp-json\/wp\/v2\/media?parent=37788"}],"wp:term":[{"taxonomy":"category","embeddable":true,"href":"https:\/\/jornaldeitaipava.com.br\/index.php\/wp-json\/wp\/v2\/categories?post=37788"},{"taxonomy":"post_tag","embeddable":true,"href":"https:\/\/jornaldeitaipava.com.br\/index.php\/wp-json\/wp\/v2\/tags?post=37788"}],"curies":[{"name":"wp","href":"https:\/\/api.w.org\/{rel}","templated":true}]}}