{"id":37791,"date":"2023-12-29T13:32:57","date_gmt":"2023-12-29T16:32:57","guid":{"rendered":"http:\/\/jornaldeitaipava.com.br\/?p=37791"},"modified":"2023-12-29T13:33:00","modified_gmt":"2023-12-29T16:33:00","slug":"prefeitura-se-reune-com-os-lojistas-da-rodoviaria-do-bingen","status":"publish","type":"post","link":"https:\/\/jornaldeitaipava.com.br\/index.php\/2023\/12\/29\/prefeitura-se-reune-com-os-lojistas-da-rodoviaria-do-bingen\/","title":{"rendered":"Prefeitura se re\u00fane com os lojistas da Rodovi\u00e1ria do Bingen"},"content":{"rendered":"\n<p><strong>Terminal Rodovi\u00e1rio \u00e9 agora administrado pela Prefeitura, por meio da CPTrans<\/strong><\/p>\n\n\n\n<p><br>Os lojistas do Terminal Rodovi\u00e1rio Governador Leonel Brizola, no Bingen, participaram na noite de quinta-feira (28), de uma reuni\u00e3o com representantes da Companhia Petropolitana de Tr\u00e2nsito e Transportes (CPTrans). O encontro teve como objetivo esclarecer d\u00favidas e apresentar os projetos e a\u00e7\u00f5es da Prefeitura para a rodovi\u00e1ria.<br>\u201cJ\u00e1 iniciamos uma s\u00e9rie de interven\u00e7\u00f5es na Rodovi\u00e1ria do Bingen, desde que assumimos h\u00e1 cerca de 10 dias. Em breve a cidade ter\u00e1 um novo Terminal Rodovi\u00e1rio, com mais seguran\u00e7a, mais comodidade e conforto\u201d, disse o prefeito Rubens Bomtempo. Entre as a\u00e7\u00f5es que a Prefeitura j\u00e1 realizou no espa\u00e7o est\u00e1 a troca de l\u00e2mpadas de led (50 j\u00e1 foram instaladas no entorno do terminal rodovi\u00e1rio), a revitaliza\u00e7\u00e3o da sinaliza\u00e7\u00e3o vi\u00e1ria e melhorias na limpeza das \u00e1reas comuns.<br>\u201cEstamos empenhados em promover a recupera\u00e7\u00e3o da rodovi\u00e1ria e contamos com a ajuda dos lojistas para este novo momento\u201d, comentou o diretor-presidente da CPTrans, Thiago Damaceno. \u201cNeste fim de semana, vamos receber cerca de 40 mil pessoas aqui na Rodovi\u00e1ria, nossas equipes est\u00e3o refor\u00e7adas para garantir o funcionamento e o atendimento dos usu\u00e1rios\u201d, acrescentou Damaceno, lembrando que nesta sexta (29) e s\u00e1bado (30), haver\u00e1 apresenta\u00e7\u00e3o musical das 9h \u00e0s 13h no sagu\u00e3o do Terminal Rodovi\u00e1rio.<br>Alessandro Lara, lojista do Terminal Rodovi\u00e1rio h\u00e1 18 anos, a chegada da Prefeitura vai ser um novo momento. \u201cTemos uma hist\u00f3ria aqui dentro da Rodovi\u00e1ria e estamos confiantes de que tudo vai dar certo\u201d, disse. Marcus Haubrich, tamb\u00e9m \u00e9 lojista h\u00e1 18 anos na rodovi\u00e1ria, e agradeceu pela abertura do di\u00e1logo para que pudessem ser ouvidos. \u201cTemos muito o que acrescentar porque temos uma hist\u00f3ria aqui. J\u00e1 percebemos a mudan\u00e7a e estamos acreditando que tudo vai melhorar\u201d, ressaltou.<\/p>\n","protected":false},"excerpt":{"rendered":"<p>Terminal Rodovi\u00e1rio \u00e9 agora administrado pela Prefeitura, por meio da CPTrans Os lojistas do Terminal<\/p>\n","protected":false},"author":1,"featured_media":37792,"comment_status":"closed","ping_status":"open","sticky":false,"template":"","format":"standard","meta":{"spay_email":"","footnotes":"","jetpack_publicize_message":""},"categories":[2],"tags":[],"jetpack_featured_media_url":"https:\/\/i1.wp.com\/jornaldeitaipava.com.br\/wp-content\/uploads\/2023\/12\/WhatsApp-Image-2023-12-29-at-12.33.44.jpeg?fit=1600%2C1200&ssl=1","jetpack_publicize_connections":[],"jetpack_sharing_enabled":true,"jetpack_likes_enabled":true,"jetpack-related-posts":[],"_links":{"self":[{"href":"https:\/\/jornaldeitaipava.com.br\/index.php\/wp-json\/wp\/v2\/posts\/37791"}],"collection":[{"href":"https:\/\/jornaldeitaipava.com.br\/index.php\/wp-json\/wp\/v2\/posts"}],"about":[{"href":"https:\/\/jornaldeitaipava.com.br\/index.php\/wp-json\/wp\/v2\/types\/post"}],"author":[{"embeddable":true,"href":"https:\/\/jornaldeitaipava.com.br\/index.php\/wp-json\/wp\/v2\/users\/1"}],"replies":[{"embeddable":true,"href":"https:\/\/jornaldeitaipava.com.br\/index.php\/wp-json\/wp\/v2\/comments?post=37791"}],"version-history":[{"count":1,"href":"https:\/\/jornaldeitaipava.com.br\/index.php\/wp-json\/wp\/v2\/posts\/37791\/revisions"}],"predecessor-version":[{"id":37793,"href":"https:\/\/jornaldeitaipava.com.br\/index.php\/wp-json\/wp\/v2\/posts\/37791\/revisions\/37793"}],"wp:featuredmedia":[{"embeddable":true,"href":"https:\/\/jornaldeitaipava.com.br\/index.php\/wp-json\/wp\/v2\/media\/37792"}],"wp:attachment":[{"href":"https:\/\/jornaldeitaipava.com.br\/index.php\/wp-json\/wp\/v2\/media?parent=37791"}],"wp:term":[{"taxonomy":"category","embeddable":true,"href":"https:\/\/jornaldeitaipava.com.br\/index.php\/wp-json\/wp\/v2\/categories?post=37791"},{"taxonomy":"post_tag","embeddable":true,"href":"https:\/\/jornaldeitaipava.com.br\/index.php\/wp-json\/wp\/v2\/tags?post=37791"}],"curies":[{"name":"wp","href":"https:\/\/api.w.org\/{rel}","templated":true}]}}