{"id":37794,"date":"2023-12-29T13:34:44","date_gmt":"2023-12-29T16:34:44","guid":{"rendered":"http:\/\/jornaldeitaipava.com.br\/?p=37794"},"modified":"2023-12-29T13:34:46","modified_gmt":"2023-12-29T16:34:46","slug":"estado-inaugura-nucleo-avancado-do-drm-em-petropolis-com-equipe-de-geologos-ate-o-fim-do-verao","status":"publish","type":"post","link":"https:\/\/jornaldeitaipava.com.br\/index.php\/2023\/12\/29\/estado-inaugura-nucleo-avancado-do-drm-em-petropolis-com-equipe-de-geologos-ate-o-fim-do-verao\/","title":{"rendered":"Estado inaugura n\u00facleo avan\u00e7ado do DRM em Petr\u00f3polis, com equipe de ge\u00f3logos at\u00e9 o fim do ver\u00e3o"},"content":{"rendered":"\n<p><strong>T\u00e9cnicos est\u00e3o a disposi\u00e7\u00e3o das Defesas Civis de munic\u00edpios da Regi\u00e3o Serrana<\/strong><\/p>\n\n\n\n<p><br>O Governo do Estado inaugurou nesta quinta-feira (28.12) em Petr\u00f3polis a base avan\u00e7ada do Departamento de Recursos Minerais e Servi\u00e7o Geol\u00f3gico do Estado do Rio de Janeiro \u2013 DRM RJ. O n\u00facleo contar\u00e1 com tr\u00eas ge\u00f3logos para atua\u00e7\u00e3o em cidades da Regi\u00e3o Serrana durante todo ver\u00e3o. A estrutura foi montada por determina\u00e7\u00e3o do governador Cl\u00e1udio Castro para agilizar a atua\u00e7\u00e3o do DRM, em apoio \u00e0s Defesas Civis de munic\u00edpios com hist\u00f3rico de vulnerabilidade \u00e0s chuvas, como Petr\u00f3polis, Teres\u00f3polis e Friburgo. A recep\u00e7\u00e3o \u00e0 equipe t\u00e9cnica foi acompanhada pelo secret\u00e1rio de Estado de Governo, Bernardo Rossi e pelo presidente do DRM-RJ, Luiz Cl\u00e1udio Almeida Magalh\u00e3es.<br>Um cronograma de trabalho da equipe j\u00e1 foi montado com avalia\u00e7\u00f5es preventivas a serem realizadas em Teres\u00f3polis, Duas Barras e Tr\u00eas Rios. N\u00facleos avan\u00e7ados tamb\u00e9m est\u00e3o entrando em funcionamento em outras regi\u00f5es com hist\u00f3rico de vulnerabilidade \u00e0s chuvas, como Angra dos Reis (regi\u00e3o litor\u00e2nea) e Barra Mansa (Sul do Estado).<br>\u201cA presen\u00e7a dos ge\u00f3logos nestes n\u00facleos \u00e9 um apoio t\u00e9cnico importante. Alguns munic\u00edpios n\u00e3o contam com ge\u00f3logo em seu corpo t\u00e9cnico; outros disp\u00f5em do servi\u00e7o, mas muitas vezes t\u00eam uma demanda muito maior no per\u00edodo de chuvas. Estes tamb\u00e9m poder\u00e3o contar com este apoio do DRM\u201d destaca Bernardo Rossi. O secret\u00e1rio frisa que o foco do n\u00facleos avan\u00e7ados \u00e9 agilizar as a\u00e7\u00f5es preventivas. \u201cNossa meta \u00e9 proteger a vida das pessoas\u201d, afirma.<br>\u201cPetr\u00f3polis, que \u00e9 considerada hoje a cidade com maior risco geol\u00f3gico do Brasil, por isso ir\u00e1 abrigar o n\u00facleo da Regi\u00e3o Serrana. A cria\u00e7\u00e3o destes n\u00facleos \u00e9 uma determina\u00e7\u00e3o do governador Cl\u00e1udio Castro, para preservar vidas. Cada um dos n\u00facleos avan\u00e7ados conta com equipe de tr\u00eas ge\u00f3logos\u201d, destaca o presidente do DRM-RJ, Luiz Cl\u00e1udio Almeida Magalh\u00e3es.<br>Magalh\u00e3es assinala que todo processo de instala\u00e7\u00e3o vem sendo acompanhado pelo Minist\u00e9rio P\u00fablico do Estado do Rio de Janeiro \u2013 MPRJ. A instala\u00e7\u00e3o dos n\u00facleos avan\u00e7ados em munic\u00edpios com maior vulnerabilidade dar\u00e1 mais agilidade na avalia\u00e7\u00e3o t\u00e9cnica de \u00e1reas em risco geol\u00f3gico.<br>\u201cIsso permitir\u00e1 uma resposta mais imediata. Caso o DRM seja acionado para apoio t\u00e9cnico aos munic\u00edpios, os ge\u00f3logos j\u00e1 estar\u00e3o presentes em cada regi\u00e3o\u201d, explica Magalh\u00e3es.<br>O DRM-RJ tem expertise t\u00e9cnica reconhecida nacionalmente. Por determina\u00e7\u00e3o do governador Cl\u00e1udio Castro, no in\u00edcio deste m\u00eas, t\u00e9cnicos do N\u00facleo de An\u00e1lise e Diagn\u00f3sticos de Escorregamentos (Nade), foram enviados ao Estado de Alagoas para prestar aux\u00edlio t\u00e9cnico durante a situa\u00e7\u00e3o de emerg\u00eancia, decretada por risco iminente de colapso de uma mina da petroqu\u00edmica Brasken na Lagoa Munda\u00fa, no bairro Mutange.<\/p>\n","protected":false},"excerpt":{"rendered":"<p>T\u00e9cnicos est\u00e3o a disposi\u00e7\u00e3o das Defesas Civis de munic\u00edpios da Regi\u00e3o Serrana O Governo do<\/p>\n","protected":false},"author":1,"featured_media":37795,"comment_status":"closed","ping_status":"open","sticky":false,"template":"","format":"standard","meta":{"spay_email":"","footnotes":"","jetpack_publicize_message":""},"categories":[24],"tags":[],"jetpack_featured_media_url":"https:\/\/i2.wp.com\/jornaldeitaipava.com.br\/wp-content\/uploads\/2023\/12\/WhatsApp-Image-2023-12-28-at-15.19.21.jpeg?fit=1600%2C720&ssl=1","jetpack_publicize_connections":[],"jetpack_sharing_enabled":true,"jetpack_likes_enabled":true,"jetpack-related-posts":[],"_links":{"self":[{"href":"https:\/\/jornaldeitaipava.com.br\/index.php\/wp-json\/wp\/v2\/posts\/37794"}],"collection":[{"href":"https:\/\/jornaldeitaipava.com.br\/index.php\/wp-json\/wp\/v2\/posts"}],"about":[{"href":"https:\/\/jornaldeitaipava.com.br\/index.php\/wp-json\/wp\/v2\/types\/post"}],"author":[{"embeddable":true,"href":"https:\/\/jornaldeitaipava.com.br\/index.php\/wp-json\/wp\/v2\/users\/1"}],"replies":[{"embeddable":true,"href":"https:\/\/jornaldeitaipava.com.br\/index.php\/wp-json\/wp\/v2\/comments?post=37794"}],"version-history":[{"count":1,"href":"https:\/\/jornaldeitaipava.com.br\/index.php\/wp-json\/wp\/v2\/posts\/37794\/revisions"}],"predecessor-version":[{"id":37796,"href":"https:\/\/jornaldeitaipava.com.br\/index.php\/wp-json\/wp\/v2\/posts\/37794\/revisions\/37796"}],"wp:featuredmedia":[{"embeddable":true,"href":"https:\/\/jornaldeitaipava.com.br\/index.php\/wp-json\/wp\/v2\/media\/37795"}],"wp:attachment":[{"href":"https:\/\/jornaldeitaipava.com.br\/index.php\/wp-json\/wp\/v2\/media?parent=37794"}],"wp:term":[{"taxonomy":"category","embeddable":true,"href":"https:\/\/jornaldeitaipava.com.br\/index.php\/wp-json\/wp\/v2\/categories?post=37794"},{"taxonomy":"post_tag","embeddable":true,"href":"https:\/\/jornaldeitaipava.com.br\/index.php\/wp-json\/wp\/v2\/tags?post=37794"}],"curies":[{"name":"wp","href":"https:\/\/api.w.org\/{rel}","templated":true}]}}