{"id":37797,"date":"2023-12-29T13:37:12","date_gmt":"2023-12-29T16:37:12","guid":{"rendered":"http:\/\/jornaldeitaipava.com.br\/?p=37797"},"modified":"2023-12-29T13:45:49","modified_gmt":"2023-12-29T16:45:49","slug":"crescimento-na-visitacao-em-atrativos-turisticos-da-cidade-chega-a-mais-de-79-em-2023","status":"publish","type":"post","link":"https:\/\/jornaldeitaipava.com.br\/index.php\/2023\/12\/29\/crescimento-na-visitacao-em-atrativos-turisticos-da-cidade-chega-a-mais-de-79-em-2023\/","title":{"rendered":"Crescimento na visita\u00e7\u00e3o em atrativos tur\u00edsticos da cidade chega a mais de 79% em 2023"},"content":{"rendered":"\n<p>Uma pesquisa realizada pelo Observat\u00f3rio Regional de Turismo (ORT) constatou relevante crescimento na visita\u00e7\u00e3o de pontos tur\u00edsticos da cidade neste ano no comparativo com 2022. Em atrativos como o Museu Casa do Colono, o aumento foi de mais de 79%. J\u00e1 no Museu Imperial, o n\u00famero de visitantes chegou a mais de 44%, entre outros registros. O ORT \u00e9 ligado \u00e0 Secretaria de Turismo e monitora o fluxo tur\u00edstico do munic\u00edpio.<br>\u201cO trabalho realizado pela Secretaria de Turismo em aplicar estrat\u00e9gias que fortalecem o setor e aumentam a circula\u00e7\u00e3o de pessoas no munic\u00edpio tem sido uma das a\u00e7\u00f5es de extrema relev\u00e2ncia para reconstru\u00e7\u00e3o da nossa cidade\u201d, pontuou o prefeito Rubens Bomtempo.<br>No Parque Cremerie, o aumento de visitantes em 2023 chegou a 49% e na Igreja de Confiss\u00e3o Luterana, um crescimento exponencial de mais de 530%. No Centro de Experi\u00eancia Cervejeira Bohemia o aumento passou dos 23% e no Parque Nacional da Serra dos \u00d3rg\u00e3os &#8211; Sede Petr\u00f3polis a visita\u00e7\u00e3o aumentou mais de 11%.<br>J\u00e1 nos Centros de Informa\u00e7\u00f5es Tur\u00edsticas (CITs) o n\u00famero de atendimentos cresceu mais de 81% e o n\u00famero de turistas e visitantes, acima de 114%.<br>\u201cNeste ano pudemos colher os frutos de a\u00e7\u00f5es que desempenhamos com muita dedica\u00e7\u00e3o e di\u00e1logo com o trade tur\u00edstico local, regional e nas feiras e encontros comerciais. O Plano Diretor de Turismo 2023-2030 \u00e9 uma das nossas b\u00fassolas, bem como o trabalho realizado junto ao Conselho Municipal de Turismo (Comtur)\u201d, comenta a secret\u00e1ria de Turismo, Silvia Guedon.<br>Aumentar o fluxo de turistas durante o ano inteiro e atrair p\u00fablicos que incluem diversos setores socioecon\u00f4micos foi um dos objetivos do trabalho da Secretaria de Turismo neste ano. \u201cEm 2023 tamb\u00e9m realizamos a\u00e7\u00f5es promocionais de forma segmentada e precisa. Entre elas, FAMTOUR (viagens de familiariza\u00e7\u00e3o) onde participaram 12 operadores de turismo internacionais e ainda as a\u00e7\u00f5es de assessoria de imprensa\u201d, explica a diretora de Turismo da Secretaria de Turismo, Evany Noel.<br>Recentemente, a cidade foi indicada como um dos oito destinos tend\u00eancia de viagem em 2024, segundo a plataforma Booking.com, sendo o terceiro destino tur\u00edstico mais procurado do pa\u00eds.<\/p>\n","protected":false},"excerpt":{"rendered":"<p>Uma pesquisa realizada pelo Observat\u00f3rio Regional de Turismo (ORT) constatou relevante crescimento na visita\u00e7\u00e3o de<\/p>\n","protected":false},"author":1,"featured_media":37798,"comment_status":"closed","ping_status":"open","sticky":false,"template":"","format":"standard","meta":{"spay_email":"","footnotes":"","jetpack_publicize_message":""},"categories":[2],"tags":[],"jetpack_featured_media_url":"https:\/\/i0.wp.com\/jornaldeitaipava.com.br\/wp-content\/uploads\/2023\/12\/WhatsApp-Image-2023-12-29-at-10.33.55.jpeg?fit=1600%2C1066&ssl=1","jetpack_publicize_connections":[],"jetpack_sharing_enabled":true,"jetpack_likes_enabled":true,"jetpack-related-posts":[],"_links":{"self":[{"href":"https:\/\/jornaldeitaipava.com.br\/index.php\/wp-json\/wp\/v2\/posts\/37797"}],"collection":[{"href":"https:\/\/jornaldeitaipava.com.br\/index.php\/wp-json\/wp\/v2\/posts"}],"about":[{"href":"https:\/\/jornaldeitaipava.com.br\/index.php\/wp-json\/wp\/v2\/types\/post"}],"author":[{"embeddable":true,"href":"https:\/\/jornaldeitaipava.com.br\/index.php\/wp-json\/wp\/v2\/users\/1"}],"replies":[{"embeddable":true,"href":"https:\/\/jornaldeitaipava.com.br\/index.php\/wp-json\/wp\/v2\/comments?post=37797"}],"version-history":[{"count":1,"href":"https:\/\/jornaldeitaipava.com.br\/index.php\/wp-json\/wp\/v2\/posts\/37797\/revisions"}],"predecessor-version":[{"id":37799,"href":"https:\/\/jornaldeitaipava.com.br\/index.php\/wp-json\/wp\/v2\/posts\/37797\/revisions\/37799"}],"wp:featuredmedia":[{"embeddable":true,"href":"https:\/\/jornaldeitaipava.com.br\/index.php\/wp-json\/wp\/v2\/media\/37798"}],"wp:attachment":[{"href":"https:\/\/jornaldeitaipava.com.br\/index.php\/wp-json\/wp\/v2\/media?parent=37797"}],"wp:term":[{"taxonomy":"category","embeddable":true,"href":"https:\/\/jornaldeitaipava.com.br\/index.php\/wp-json\/wp\/v2\/categories?post=37797"},{"taxonomy":"post_tag","embeddable":true,"href":"https:\/\/jornaldeitaipava.com.br\/index.php\/wp-json\/wp\/v2\/tags?post=37797"}],"curies":[{"name":"wp","href":"https:\/\/api.w.org\/{rel}","templated":true}]}}