{"id":37802,"date":"2023-12-29T13:42:49","date_gmt":"2023-12-29T16:42:49","guid":{"rendered":"http:\/\/jornaldeitaipava.com.br\/?p=37802"},"modified":"2023-12-29T13:42:52","modified_gmt":"2023-12-29T16:42:52","slug":"77-contencoes-ja-concluidas-pela-prefeitura-r-28-milhoes-investidos","status":"publish","type":"post","link":"https:\/\/jornaldeitaipava.com.br\/index.php\/2023\/12\/29\/77-contencoes-ja-concluidas-pela-prefeitura-r-28-milhoes-investidos\/","title":{"rendered":"77 conten\u00e7\u00f5es j\u00e1 conclu\u00eddas pela Prefeitura: R$ 28 milh\u00f5es investidos"},"content":{"rendered":"\n<p>A Prefeitura j\u00e1 concluiu, desde 2022, 77 conten\u00e7\u00f5es. Foram 32 conten\u00e7\u00f5es de margem de rio, 30 conten\u00e7\u00f5es de rua e 15 conten\u00e7\u00f5es de encosta.<br>Foram investidos nessas obras quase R$ 28 milh\u00f5es (sem contar as obras de conten\u00e7\u00e3o que est\u00e3o em andamento ou em fase de licita\u00e7\u00e3o).<br>\u201c\u00c9 um n\u00famero muito alto de conten\u00e7\u00f5es que conseguimos concluir em 2 anos. S\u00e3o obras que deixam a cidade mais segura com rela\u00e7\u00e3o \u00e0s chuvas do ver\u00e3o. Muitas delas foram fundamentais em 2022, para que a cidade voltasse \u00e0 normalidade naquelas semanas ap\u00f3s as trag\u00e9dias de fevereiro e mar\u00e7o. Porque foram obras que restabeleceram corredores fundamentais de Petr\u00f3polis, como a Saldanha Marinho, a Bar\u00e3o do Rio Branco, o Bingen e a Coronel Veiga. Foram pontos que desabaram com as chuvas ou que corriam risco de desabar\u201d, disse o prefeito Rubens Bomtempo.<br>Outras 19 conten\u00e7\u00f5es est\u00e3o em andamento. Sendo que 12 s\u00e3o na grande Alto da Serra (Sargento Boening, Vila Felipe, Ch\u00e1cara Flora, 24 de Maio etc.).<br>\u201cAinda tem muita coisa para acontecer na cidade nos pr\u00f3ximos meses. Nessa lista de 77 conten\u00e7\u00f5es conclu\u00eddas, n\u00e3o est\u00e3o, por exemplo, as conten\u00e7\u00f5es de encosta que estamos fazendo em todo o Alto da Serra, na Vila Felipe, na Ch\u00e1cara Flora. S\u00e3o obras que est\u00e3o em andamento e que s\u00e3o grande porte. A Prefeitura est\u00e1 reconstruindo aquela regi\u00e3o\u201d, disse Bomtempo.<br>Lista das 77 conten\u00e7\u00f5es j\u00e1 conclu\u00eddas<\/p>\n\n\n\n<p>Conten\u00e7\u00e3o em margem de rio: 32<\/p>\n\n\n\n<p>\u2022 Bingen (Rua Bingen, em frente \u00e0 Universidade Est\u00e1cio de S\u00e1)<br>\u2022 Bingen (Rua Bingen, em frente ao Restaurante Luka&#8217;s)<br>\u2022 Bingen (Rua Bingen, 463)<br>\u2022 Bingen (Rua Jo\u00e3o Xavier, 547)<br>\u2022 Castrioto (Rua Pedro Vogel Sobrinho)<br>\u2022 Centro (Avenida Bar\u00e3o do Rio Branco, 2.280)<br>\u2022 Centro (Avenida Bar\u00e3o do Rio Branco, 1.582 \u2013 1.622)<br>\u2022 Centro (Avenida Bar\u00e3o do Rio Branco, 1.398)<br>\u2022 Centro (Avenida Bar\u00e3o do Rio Branco, 1.164)<br>\u2022 Centro (Avenida Bar\u00e3o do Rio Branco, 350)<br>\u2022 Centro (Avenida Bar\u00e3o do Rio Branco, 3.147, junto ao sacol\u00e3o)<br>\u2022 Centro (Avenida Bar\u00e3o do Rio Branco, 3.147, junto ao sacol\u00e3o)<br>\u2022 Centro (Avenida Piabanha, 149)<br>\u2022 Centro (Avenida Roberto Silveira)<br>\u2022 Centro (Pra\u00e7a da Liberdade)<br>\u2022 Centro (Rua Carlos Gomes, 168)<br>\u2022 Coronel Veiga (Rua Coronel Veiga, 1.559)<br>\u2022 Coronel Veiga (Rua Coronel Veiga, 342)<br>\u2022 Coronel Veiga (Rua Coronel Veiga, 217)<br>\u2022 Corr\u00eaas (Ponte de Corr\u00eaas, Rua Vig\u00e1rio Corr\u00eaa)<br>\u2022 Itaipava (Estrada das Arcas)<br>\u2022 Moinho Preto (Ponte do Carvoeiro)<br>\u2022 Morin (Avenida General Marciano Magalh\u00e3es, 94)<br>\u2022 Morin (Avenida General Marciano Magalh\u00e3es, 741)<br>\u2022 Morin (Avenida General Marciano Magalh\u00e3es, 877)<br>\u2022 Morin (Avenida General Marciano Magalh\u00e3es, 161)<br>\u2022 Nogueira (Avenida Norma Maria Reiner)<br>\u2022 Quitandinha (Rua Afr\u00e2nio Melo Franco)<br>\u2022 Quitandinha (Rua General Rondon, em frente \u00e0 Comdep)<br>\u2022 Saldanha Marinho (Rua Saldanha Marinho)<br>\u2022 S\u00e3o Sebasti\u00e3o (Rua Capit\u00e3o Paladini)<br>\u2022 S\u00e3o Sebasti\u00e3o (Rua Capit\u00e3o Paladini, s\/n)<\/p>\n\n\n\n<p>Conten\u00e7\u00e3o de rua: 30<\/p>\n\n\n\n<p>\u2022 Cascatinha (Rua Guilherme Daumas Nunes, 111)<br>\u2022 Cascatinha (Rua Guilherme Daumas Nunes, 705)<br>\u2022 Cascatinha (Rua Guilherme Daumas Nunes, 702)<br>\u2022 Castel\u00e2nea (Rua Francisco Blatt, 200)<br>\u2022 Caxambu (Rua Bar\u00e3o de \u00c1guas Claras, 106)<br>\u2022 Caxambu (Rua Belinha Cavalcanti, pr\u00f3ximo \u00e0 Servid\u00e3o Fl\u00e1vio Cavalcanti)<br>\u2022 Caxambu (Rua Joaquim Ribeiro da Mota, 250)<br>\u2022 Centro (Rua do Encanto, 264)<br>\u2022 Centro (Rua Domingos Andrade Bastos, 195)<br>\u2022 Centro (Rua Joaquim Murtinho, 81)<br>\u2022 Centro (Rua Padre Moreira, s\/n)<br>\u2022 Centro (Rua Visconde de Bom Retiro)<br>\u2022 Estrada da Saudade (Ladeira Jo\u00e3o Ventura Torres, 1.129)<br>\u2022 Estrada da Saudade (Rua Augusto da Silva, Morro Florido, 908)<br>\u2022 Fazenda Inglesa (Rua Salvador da Costa Alves)<br>\u2022 Moinho Preto (Rua Stephan Zweig, 266)<br>\u2022 Morin (Rua Augusto Severo, ponto final do \u00f4nibus Lagoinha)<br>\u2022 Posse (Alameda Jo\u00e3o C\u00e2mara)<br>\u2022 Posse (Lot. Nossa Senhora de F\u00e1tima)<br>\u2022 Posse (Rua Bernardo Roberto)<br>\u2022 Quarteir\u00e3o Brasileiro (Rua Jos\u00e9 Mayworm)<br>\u2022 Quarteir\u00e3o Brasileiro (Servid\u00e3o Arthur Ternes)<br>\u2022 Quitandinha (Rua Alagoas, 396)<br>\u2022 Retiro (Rua das Dracenas)<br>\u2022 Sargento Boening (Rua Sargento Fontes, 264)<br>\u2022 Valpara\u00edso (Rua Frei Cir\u00edaco, 780)<br>\u2022 Valpara\u00edso (Rua Presidente Ranieri Mazzilli)<br>\u2022 Vila Felipe \/ Ch\u00e1cara Flora (Rua Juvenal Amaral)<br>\u2022 Vila Felipe \/ Ch\u00e1cara Flora (Rua Paulino Guimar\u00e3es)<br>\u2022 Vila Felipe \/ Ch\u00e1cara Flora (Travessa Frederico Karl)<\/p>\n\n\n\n<p>Conten\u00e7\u00e3o de encosta (15)<\/p>\n\n\n\n<p>\u2022 Alto da Serra (NIS)<br>\u2022 Alto da Serra (Rua Dom Jo\u00e3o Braga)<br>\u2022 Alto da Serra (Rua Oswero Vila\u00e7a, 79)<br>\u2022 Bingen (Rua Duarte da Silveira)<br>\u2022 Bingen (Rua Jo\u00e3o Xavier, 283)<br>\u2022 Bingen (Rua Major Alberto Silva)<br>\u2022 Castelo S\u00e3o Manoel (Estrada Manoel Walter Bechtlufft)<br>\u2022 Centro (Centro de Sa\u00fade Coletiva Prof. Manoel Jos\u00e9 Ferreira, Rua Santos Dumont, 10)<br>\u2022 Centro (Rua Padre Moreira, s\/n)<br>\u2022 Centro (UPA Centro)<br>\u2022 Estrada da Saudade (Estrada da Saudade, 1.210)<br>\u2022 Independ\u00eancia (Rua Ant\u00f4nio da Silva Ligeiro, 1.158)<br>\u2022 Itamarati (Rua Pedro Elmer, servid\u00e3o de acesso \u00e0 Rua Spartaco Banal)<br>\u2022 Pedro do Rio (CEI Professora Gra\u00e7a Costa)<br>\u2022 Quissam\u00e3 (Rua Quissam\u00e3, 1.072)<\/p>\n","protected":false},"excerpt":{"rendered":"<p>A Prefeitura j\u00e1 concluiu, desde 2022, 77 conten\u00e7\u00f5es. Foram 32 conten\u00e7\u00f5es de margem de rio,<\/p>\n","protected":false},"author":1,"featured_media":37803,"comment_status":"closed","ping_status":"open","sticky":false,"template":"","format":"standard","meta":{"spay_email":"","footnotes":"","jetpack_publicize_message":""},"categories":[24],"tags":[],"jetpack_featured_media_url":"https:\/\/i0.wp.com\/jornaldeitaipava.com.br\/wp-content\/uploads\/2023\/12\/WhatsApp-Image-2023-12-27-at-17.28.09.jpeg?fit=1600%2C1066&ssl=1","jetpack_publicize_connections":[],"jetpack_sharing_enabled":true,"jetpack_likes_enabled":true,"jetpack-related-posts":[],"_links":{"self":[{"href":"https:\/\/jornaldeitaipava.com.br\/index.php\/wp-json\/wp\/v2\/posts\/37802"}],"collection":[{"href":"https:\/\/jornaldeitaipava.com.br\/index.php\/wp-json\/wp\/v2\/posts"}],"about":[{"href":"https:\/\/jornaldeitaipava.com.br\/index.php\/wp-json\/wp\/v2\/types\/post"}],"author":[{"embeddable":true,"href":"https:\/\/jornaldeitaipava.com.br\/index.php\/wp-json\/wp\/v2\/users\/1"}],"replies":[{"embeddable":true,"href":"https:\/\/jornaldeitaipava.com.br\/index.php\/wp-json\/wp\/v2\/comments?post=37802"}],"version-history":[{"count":1,"href":"https:\/\/jornaldeitaipava.com.br\/index.php\/wp-json\/wp\/v2\/posts\/37802\/revisions"}],"predecessor-version":[{"id":37804,"href":"https:\/\/jornaldeitaipava.com.br\/index.php\/wp-json\/wp\/v2\/posts\/37802\/revisions\/37804"}],"wp:featuredmedia":[{"embeddable":true,"href":"https:\/\/jornaldeitaipava.com.br\/index.php\/wp-json\/wp\/v2\/media\/37803"}],"wp:attachment":[{"href":"https:\/\/jornaldeitaipava.com.br\/index.php\/wp-json\/wp\/v2\/media?parent=37802"}],"wp:term":[{"taxonomy":"category","embeddable":true,"href":"https:\/\/jornaldeitaipava.com.br\/index.php\/wp-json\/wp\/v2\/categories?post=37802"},{"taxonomy":"post_tag","embeddable":true,"href":"https:\/\/jornaldeitaipava.com.br\/index.php\/wp-json\/wp\/v2\/tags?post=37802"}],"curies":[{"name":"wp","href":"https:\/\/api.w.org\/{rel}","templated":true}]}}