{"id":37808,"date":"2023-12-29T13:51:56","date_gmt":"2023-12-29T16:51:56","guid":{"rendered":"http:\/\/jornaldeitaipava.com.br\/?p=37808"},"modified":"2023-12-29T13:51:59","modified_gmt":"2023-12-29T16:51:59","slug":"prefeitura-vai-liberar-emendas-para-apae-gaape-e-afipe","status":"publish","type":"post","link":"https:\/\/jornaldeitaipava.com.br\/index.php\/2023\/12\/29\/prefeitura-vai-liberar-emendas-para-apae-gaape-e-afipe\/","title":{"rendered":"Prefeitura vai liberar emendas para APAE, GAAPE E AFIPE"},"content":{"rendered":"\n<p><strong>Recursos foram destinados pelo Vereador Eduardo do Blog<\/strong><\/p>\n\n\n\n<p><br>Tr\u00eas organiza\u00e7\u00f5es da Sociedade Civil &#8211; a Associa\u00e7\u00e3o de Pais e Amigos dos Excepcionais (APAE), o Grupo Amigos dos Autistas de Petr\u00f3polis (GAAPE) e a Associa\u00e7\u00e3o Filantr\u00f3pica de Petr\u00f3polis (AFIPE) &#8211; participaram de uma reuni\u00e3o na sede da Prefeitura, na tarde da quarta-feira (27), onde apresentaram seus Termos de Manifesta\u00e7\u00e3o, acompanhados de seus planos de trabalho, visando a adequada libera\u00e7\u00e3o, pelo Governo Municipal, das verbas tratadas pelas Emendas Impositivas aprovadas na C\u00e2mara.<br>Al\u00e9m dos representantes das entidades, a reuni\u00e3o contou tamb\u00e9m com as presen\u00e7as do Secret\u00e1rio de Governo, Marcus S\u00e3o Thiago e do Secret\u00e1rio de Planejamento e Or\u00e7amento, Jeferson Gomes, al\u00e9m do Vereador Eduardo do Blog, autor de Emendas que destinam mais de R$ 450 mil para as organiza\u00e7\u00f5es.<br>As verbas ser\u00e3o executadas de acordo com os apontamentos dos Planos de Trabalho, observadas tamb\u00e9m as especifica\u00e7\u00f5es do Vereador em suas Emendas, baseando-se no que disp\u00f5e a Lei Federal n\u00ba 13.019 de 2014, e os recursos ser\u00e3o utilizados na contrata\u00e7\u00e3o de profissionais, reformas estruturais, compra de mobili\u00e1rio e pagamentos de fornecedores.<br>&#8220;Estas Emendas foram aprovadas em 2022 e desde ent\u00e3o estamos cobrando sua execu\u00e7\u00e3o pela Prefeitura que \u00e9 o \u00f3rg\u00e3o que ordena as despesas. As verbas s\u00e3o muito importantes para a manuten\u00e7\u00e3o e amplia\u00e7\u00e3o dos trabalhos feitos pelas organiza\u00e7\u00f5es da sociedade civil. Agrade\u00e7o ao Governo Municipal pelo gesto. Foi uma reuni\u00e3o importante para definirmos e adequarmos a aplica\u00e7\u00e3o das Emendas Impositivas&#8221;, disse Eduardo do Blog.<\/p>\n\n\n\n<p><strong>Saiba mais sobre as institui\u00e7\u00f5es<br><\/strong>Refer\u00eancia nacional em atendimento \u00e0s pessoas com defici\u00eancia, a APAE Petr\u00f3polis conta com 26 funcion\u00e1rios e promove a\u00e7\u00f5es de preven\u00e7\u00e3o, diagn\u00f3stico, reabilita\u00e7\u00e3o, tratamento e inclus\u00e3o social de pessoas com defici\u00eancia.<br>A AFIPE, com mais de 50 anos de hist\u00f3ria na cidade, realiza trabalhos filantr\u00f3picos voltados ao amparo de pessoas em situa\u00e7\u00e3o de risco e vulnerabilidade social.<br>J\u00e1 a GAAPE \u00e9 uma Organiza\u00e7\u00e3o dedicada ao apoio e tratamento de pessoas com TEA &#8211; Transtorno do Espectro Autista &#8211; e ao atendimento de seus familiares, orientando realizando programas de conscientiza\u00e7\u00e3o, inclus\u00e3o social e amparo educacional, diante das especificidades.<\/p>\n","protected":false},"excerpt":{"rendered":"<p>Recursos foram destinados pelo Vereador Eduardo do Blog Tr\u00eas organiza\u00e7\u00f5es da Sociedade Civil &#8211; a<\/p>\n","protected":false},"author":1,"featured_media":37809,"comment_status":"closed","ping_status":"open","sticky":false,"template":"","format":"standard","meta":{"spay_email":"","footnotes":"","jetpack_publicize_message":""},"categories":[2],"tags":[],"jetpack_featured_media_url":"https:\/\/i2.wp.com\/jornaldeitaipava.com.br\/wp-content\/uploads\/2023\/12\/WhatsApp-Image-2023-12-27-at-19.46.24-1.jpeg?fit=1417%2C977&ssl=1","jetpack_publicize_connections":[],"jetpack_sharing_enabled":true,"jetpack_likes_enabled":true,"jetpack-related-posts":[],"_links":{"self":[{"href":"https:\/\/jornaldeitaipava.com.br\/index.php\/wp-json\/wp\/v2\/posts\/37808"}],"collection":[{"href":"https:\/\/jornaldeitaipava.com.br\/index.php\/wp-json\/wp\/v2\/posts"}],"about":[{"href":"https:\/\/jornaldeitaipava.com.br\/index.php\/wp-json\/wp\/v2\/types\/post"}],"author":[{"embeddable":true,"href":"https:\/\/jornaldeitaipava.com.br\/index.php\/wp-json\/wp\/v2\/users\/1"}],"replies":[{"embeddable":true,"href":"https:\/\/jornaldeitaipava.com.br\/index.php\/wp-json\/wp\/v2\/comments?post=37808"}],"version-history":[{"count":1,"href":"https:\/\/jornaldeitaipava.com.br\/index.php\/wp-json\/wp\/v2\/posts\/37808\/revisions"}],"predecessor-version":[{"id":37810,"href":"https:\/\/jornaldeitaipava.com.br\/index.php\/wp-json\/wp\/v2\/posts\/37808\/revisions\/37810"}],"wp:featuredmedia":[{"embeddable":true,"href":"https:\/\/jornaldeitaipava.com.br\/index.php\/wp-json\/wp\/v2\/media\/37809"}],"wp:attachment":[{"href":"https:\/\/jornaldeitaipava.com.br\/index.php\/wp-json\/wp\/v2\/media?parent=37808"}],"wp:term":[{"taxonomy":"category","embeddable":true,"href":"https:\/\/jornaldeitaipava.com.br\/index.php\/wp-json\/wp\/v2\/categories?post=37808"},{"taxonomy":"post_tag","embeddable":true,"href":"https:\/\/jornaldeitaipava.com.br\/index.php\/wp-json\/wp\/v2\/tags?post=37808"}],"curies":[{"name":"wp","href":"https:\/\/api.w.org\/{rel}","templated":true}]}}