{"id":37813,"date":"2023-12-29T13:55:00","date_gmt":"2023-12-29T16:55:00","guid":{"rendered":"http:\/\/jornaldeitaipava.com.br\/?p=37813"},"modified":"2023-12-29T13:55:02","modified_gmt":"2023-12-29T16:55:02","slug":"operacao-ano-novo-da-prf-comeca-nesta-sexta-feira","status":"publish","type":"post","link":"https:\/\/jornaldeitaipava.com.br\/index.php\/2023\/12\/29\/operacao-ano-novo-da-prf-comeca-nesta-sexta-feira\/","title":{"rendered":"Opera\u00e7\u00e3o Ano Novo da PRF come\u00e7a nesta sexta-feira"},"content":{"rendered":"\n<p>A\u00e7\u00e3o se estender\u00e1 at\u00e9 o \u00faltimo minuto do dia 1\u00ba e janeiro<br>Come\u00e7a \u00e0 0h desta sexta-feira (29) a Opera\u00e7\u00e3o Ano Novo nas rodovias federais. At\u00e9 o \u00faltimo minuto do dia 1\u00ba de janeiro de 2024, policiais rodovi\u00e1rios federais intensificar\u00e3o esfor\u00e7os para garantir a seguran\u00e7a das estradas.<br>Segundo a PRF, ser\u00e3o feitas a\u00e7\u00f5es de combate \u00e0 embriaguez ao volante e de conscientiza\u00e7\u00e3o dos motoristas sobre os riscos que a ingest\u00e3o de \u00e1lcool associada \u00e0 dire\u00e7\u00e3o representa. Os policiais fiscalizar\u00e3o tamb\u00e9m as condi\u00e7\u00f5es dos ve\u00edculos e o uso adequado de equipamentos obrigat\u00f3rios como cinto de seguran\u00e7a, capacete e dispositivo de reten\u00e7\u00e3o de crian\u00e7as.<br>Tamb\u00e9m ser\u00e3o foco de fiscaliza\u00e7\u00e3o pr\u00e1ticas delituosas como excessos de velocidade e ultrapassagens em locais proibidos.<br>Em todo o ano passado, conduzir ve\u00edculo sob efeito de \u00e1lcool foi a sexta maior causa de acidentes nas rodovias federais. Nas 4.318 ocorr\u00eancias, 3.839 pessoas ficaram feridas e 201 morreram.<br>De janeiro a novembro deste ano, a estat\u00edstica de sinistros provocados por ingest\u00e3o de \u00e1lcool pelo condutor apresentou queda de 18% na compara\u00e7\u00e3o com o mesmo per\u00edodo do ano passado\u201d, informou a PRF.<\/p>\n\n\n\n<p>Da Ag\u00eancia Brasil<\/p>\n","protected":false},"excerpt":{"rendered":"<p>A\u00e7\u00e3o se estender\u00e1 at\u00e9 o \u00faltimo minuto do dia 1\u00ba e janeiroCome\u00e7a \u00e0 0h desta<\/p>\n","protected":false},"author":1,"featured_media":31771,"comment_status":"closed","ping_status":"open","sticky":false,"template":"","format":"standard","meta":{"spay_email":"","footnotes":"","jetpack_publicize_message":""},"categories":[24],"tags":[],"jetpack_featured_media_url":"https:\/\/i1.wp.com\/jornaldeitaipava.com.br\/wp-content\/uploads\/2022\/11\/PRF.png?fit=1023%2C533&ssl=1","jetpack_publicize_connections":[],"jetpack_sharing_enabled":true,"jetpack_likes_enabled":true,"jetpack-related-posts":[],"_links":{"self":[{"href":"https:\/\/jornaldeitaipava.com.br\/index.php\/wp-json\/wp\/v2\/posts\/37813"}],"collection":[{"href":"https:\/\/jornaldeitaipava.com.br\/index.php\/wp-json\/wp\/v2\/posts"}],"about":[{"href":"https:\/\/jornaldeitaipava.com.br\/index.php\/wp-json\/wp\/v2\/types\/post"}],"author":[{"embeddable":true,"href":"https:\/\/jornaldeitaipava.com.br\/index.php\/wp-json\/wp\/v2\/users\/1"}],"replies":[{"embeddable":true,"href":"https:\/\/jornaldeitaipava.com.br\/index.php\/wp-json\/wp\/v2\/comments?post=37813"}],"version-history":[{"count":1,"href":"https:\/\/jornaldeitaipava.com.br\/index.php\/wp-json\/wp\/v2\/posts\/37813\/revisions"}],"predecessor-version":[{"id":37814,"href":"https:\/\/jornaldeitaipava.com.br\/index.php\/wp-json\/wp\/v2\/posts\/37813\/revisions\/37814"}],"wp:featuredmedia":[{"embeddable":true,"href":"https:\/\/jornaldeitaipava.com.br\/index.php\/wp-json\/wp\/v2\/media\/31771"}],"wp:attachment":[{"href":"https:\/\/jornaldeitaipava.com.br\/index.php\/wp-json\/wp\/v2\/media?parent=37813"}],"wp:term":[{"taxonomy":"category","embeddable":true,"href":"https:\/\/jornaldeitaipava.com.br\/index.php\/wp-json\/wp\/v2\/categories?post=37813"},{"taxonomy":"post_tag","embeddable":true,"href":"https:\/\/jornaldeitaipava.com.br\/index.php\/wp-json\/wp\/v2\/tags?post=37813"}],"curies":[{"name":"wp","href":"https:\/\/api.w.org\/{rel}","templated":true}]}}