{"id":37818,"date":"2023-12-29T14:03:14","date_gmt":"2023-12-29T17:03:14","guid":{"rendered":"http:\/\/jornaldeitaipava.com.br\/?p=37818"},"modified":"2023-12-29T14:03:17","modified_gmt":"2023-12-29T17:03:17","slug":"marica-tera-queima-de-fogos-em-nove-pontos-da-cidade","status":"publish","type":"post","link":"https:\/\/jornaldeitaipava.com.br\/index.php\/2023\/12\/29\/marica-tera-queima-de-fogos-em-nove-pontos-da-cidade\/","title":{"rendered":"Maric\u00e1 ter\u00e1 queima de fogos em nove pontos da cidade"},"content":{"rendered":"\n<p>A Prefeitura de Maric\u00e1, por meio da Secretaria de Turismo, preparou uma grande festa de r\u00e9veillon, no dia 31 de dezembro, para a popula\u00e7\u00e3o saudar a chegada de 2024 em 11 pontos da cidade, com 18 atra\u00e7\u00f5es musicais e a tradicional queima de fogos, que ter\u00e1 um total de 20 toneladas, dura\u00e7\u00e3o de 15 minutos e 40% menos barulho. Assim como no ano anterior, ser\u00e3o 80 decib\u00e9is de espet\u00e1culo pirot\u00e9cnico com objetivo de reduzir a sensibilidade auditiva em crian\u00e7as, idosos e nos animais.<br>Os shows com artistas locais acontecem em palcos montados em Ara\u00e7atiba (Pra\u00e7a Tiradentes), orla de Bambu\u00ed (orla), Barra de Maric\u00e1 (altura da Ru 13), Cordeirinho (altura da Rua 90), Itaipua\u00e7u (Rua Um e 70 e Recanto), Jacaro\u00e1 (Raquel Fonseca), orla do Parque Nanci, Ponta Negra (Rua Prefeito Arturzindo Rangel) e S\u00e3o Jos\u00e9 de Imbassa\u00ed (orla das Amendoeiras). Todos os locais ter\u00e3o dois shows, sendo o primeiro come\u00e7ar\u00e1 \u00e0s 20h30, e o segundo a partir das 23h, exceto Jacaro\u00e1, Rua Um e Recanto (Itaipua\u00e7u), que ter\u00e1 apenas uma apresenta\u00e7\u00e3o \u00e0s 23h. Em Itaipua\u00e7u, a queima de fogos acontece somente na Rua Um.<\/p>\n\n\n\n<p><strong>Tr\u00e2nsito<br><\/strong>A Secretaria de Tr\u00e2nsito e Engenharia Vi\u00e1ria (Sectran) vai atuar com 110 agentes (entre efetivos e pessoal de apoio) e oito viaturas no controle do tr\u00e2nsito, orienta\u00e7\u00e3o a motoristas e nos bloqueios das principais vias de acesso e entorno dos pontos onde v\u00e3o ocorrer a queima de fogos. O \u00f3rg\u00e3o informou ainda que a ponte da Barra ser\u00e1 interditada cinco minutos antes do in\u00edcio do espet\u00e1culo pirot\u00e9cnico, voltando a ser liberada logo que terminar.<br>As altera\u00e7\u00f5es nas vias acontecem no Parque Nanci (Av. dos Pombos, ruas Condor, Flamingos, das Gra\u00e7as, Canarinhos e das \u00c1guias); Itaipua\u00e7u (Av. Beira Mar, ruas 37 e Professor Cardoso de Menezes; Cordeirinho (Av. Maysa e ruas 92 e 93); Ponta Negra (Rua Prefeito Arturzindo Rangel); Barra de Maric\u00e1 (Rua 13 e Av. Maysa); Centro (Rua \u00c1lvares de Castro e Av. Prefeito Odenir Francisco da Costa). Como nos anos anteriores do Natal Iluminado, a Sectran tamb\u00e9m vai disponibilizar \u00e1rea de estacionamento em Ara\u00e7atiba, no trecho entre a Rua 35 e o deck p\u00f4r-do-sol.<\/p>\n\n\n\n<p><strong>Seguran\u00e7a e ordenamento urbano<br><\/strong>A Secretaria de Ordem P\u00fablica e Gabinete Institucional (Seop) vai atuar no dia 31\/12 com 160 agentes da Guarda Municipal nas a\u00e7\u00f5es de fiscaliza\u00e7\u00e3o de tr\u00e2nsito e de ordenamento urbano nos pontos de queima de fogos da cidade. O planejamento conta ainda com o apoio de 622 c\u00e2meras de monitoramento, 58 viaturas, uma base m\u00f3vel de monitoramento, al\u00e9m de dois reboques. Para refor\u00e7ar a seguran\u00e7a na cidade, 150 vagas foram disponibilizadas a policiais militares do Programa Estadual de Integra\u00e7\u00e3o na Seguran\u00e7a (Proeis) para a opera\u00e7\u00e3o r\u00e9veillon.<br>A Secretaria de Transportes, por meio da Coordenadoria de Posturas, vai atuar no dia 31\/12 com 69 agentes (entre efetivo e pessoal de apoio) na fiscaliza\u00e7\u00e3o dos ambulantes credenciados e coibir a presen\u00e7a de vendedores irregulares e a venda de bebidas em garrafas de vidro, oferecendo a troca dos recipientes.<\/p>\n\n\n\n<p><strong>Urg\u00eancia e Emerg\u00eancia<br><\/strong>Durante a virada de ano, o Hospital Municipal Conde Modesto Leal (Centro), a Unidade de Pronto Atendimento (UPA) de Ino\u00e3, a Unidade de Sa\u00fade 24h Santa Rita (Itaipua\u00e7u) e o Servi\u00e7o de Atendimento M\u00f3vel de Urg\u00eancia (SAMU) permanecem funcionando 24 horas por dia.<br>As equipes da Defesa Civil permanecem de prontid\u00e3o 24 horas no centro operacional e podem ser acionadas pela popula\u00e7\u00e3o por meio dos telefones 199, 2637-1999 ou pelo WhatsApp (21) 97000-5782.<\/p>\n\n\n\n<p><strong>Programa\u00e7\u00e3o do R\u00e9veillon de Maric\u00e1:<\/strong><\/p>\n\n\n\n<p>Ara\u00e7atiba (Pra\u00e7a Tiradentes)<br>Jorginho Doug \u2013 20h30<br>Grupo T\u00f4 Kerendo \u2013 23h<\/p>\n\n\n\n<p>Orla de Bambu\u00ed<br>Marianna Cunha \u2013 20h30<br>Grupo Vai e Volta \u2013 23h<\/p>\n\n\n\n<p>Barra de Maric\u00e1 (Praia, na altura da Rua 13)<br>Lara Zuzarte \u2013 20h30<br>Moniquinha \u00c2ngelo \u2013 23H<\/p>\n\n\n\n<p>Cordeirinho (Altura da Rua 90)<br>Betinho Bahia &amp; Ismayer Alves \u2013 20h30<br>J\u00f4 Borges \u2013 23h<\/p>\n\n\n\n<p>Orla do Parque Nanci<br>Douglas Kali \u2013 20h30<br>Bruna Mandz \u2013 23h<\/p>\n\n\n\n<p>Ponta Negra (Rua Prefeito Arturzindo Rangel)<br>Baby do Cavaco \u2013 20h30<br>Amanda Dilva \u2013 23h<\/p>\n\n\n\n<p>S\u00e3o Jos\u00e9 de Imbassa\u00ed (Orla das Amendoeiras)<br>Oh Sorte \u2013 20h30<br>Kontagi\u00f4 \u2013 23h<\/p>\n\n\n\n<p>Itaipua\u00e7u (Rua Um)<br>Rafael Ca\u00e7ula \u2013 23h<\/p>\n\n\n\n<p>Itaipua\u00e7u (Recanto)<br>Boguinha \u2013 23h<\/p>\n\n\n\n<p>Itaipua\u00e7u (Rua 70)<br>T\u00e1tudoemcasa \u2013 23h<\/p>\n\n\n\n<p>Orla de Jacaro\u00e1<br>Raquel Fonseca \u2013 23h<\/p>\n","protected":false},"excerpt":{"rendered":"<p>A Prefeitura de Maric\u00e1, por meio da Secretaria de Turismo, preparou uma grande festa de<\/p>\n","protected":false},"author":1,"featured_media":37819,"comment_status":"closed","ping_status":"open","sticky":false,"template":"","format":"standard","meta":{"spay_email":"","footnotes":"","jetpack_publicize_message":""},"categories":[42],"tags":[],"jetpack_featured_media_url":"https:\/\/i0.wp.com\/jornaldeitaipava.com.br\/wp-content\/uploads\/2023\/12\/marca.jpg?fit=2560%2C1707&ssl=1","jetpack_publicize_connections":[],"jetpack_sharing_enabled":true,"jetpack_likes_enabled":true,"jetpack-related-posts":[],"_links":{"self":[{"href":"https:\/\/jornaldeitaipava.com.br\/index.php\/wp-json\/wp\/v2\/posts\/37818"}],"collection":[{"href":"https:\/\/jornaldeitaipava.com.br\/index.php\/wp-json\/wp\/v2\/posts"}],"about":[{"href":"https:\/\/jornaldeitaipava.com.br\/index.php\/wp-json\/wp\/v2\/types\/post"}],"author":[{"embeddable":true,"href":"https:\/\/jornaldeitaipava.com.br\/index.php\/wp-json\/wp\/v2\/users\/1"}],"replies":[{"embeddable":true,"href":"https:\/\/jornaldeitaipava.com.br\/index.php\/wp-json\/wp\/v2\/comments?post=37818"}],"version-history":[{"count":1,"href":"https:\/\/jornaldeitaipava.com.br\/index.php\/wp-json\/wp\/v2\/posts\/37818\/revisions"}],"predecessor-version":[{"id":37820,"href":"https:\/\/jornaldeitaipava.com.br\/index.php\/wp-json\/wp\/v2\/posts\/37818\/revisions\/37820"}],"wp:featuredmedia":[{"embeddable":true,"href":"https:\/\/jornaldeitaipava.com.br\/index.php\/wp-json\/wp\/v2\/media\/37819"}],"wp:attachment":[{"href":"https:\/\/jornaldeitaipava.com.br\/index.php\/wp-json\/wp\/v2\/media?parent=37818"}],"wp:term":[{"taxonomy":"category","embeddable":true,"href":"https:\/\/jornaldeitaipava.com.br\/index.php\/wp-json\/wp\/v2\/categories?post=37818"},{"taxonomy":"post_tag","embeddable":true,"href":"https:\/\/jornaldeitaipava.com.br\/index.php\/wp-json\/wp\/v2\/tags?post=37818"}],"curies":[{"name":"wp","href":"https:\/\/api.w.org\/{rel}","templated":true}]}}