{"id":37826,"date":"2024-01-02T17:21:31","date_gmt":"2024-01-02T20:21:31","guid":{"rendered":"http:\/\/jornaldeitaipava.com.br\/?p=37826"},"modified":"2024-01-02T17:21:33","modified_gmt":"2024-01-02T20:21:33","slug":"primeiro-bebe-de-2024-em-petropolis-nasce-no-hospital-alcides-carneiro","status":"publish","type":"post","link":"https:\/\/jornaldeitaipava.com.br\/index.php\/2024\/01\/02\/primeiro-bebe-de-2024-em-petropolis-nasce-no-hospital-alcides-carneiro\/","title":{"rendered":"Primeiro beb\u00ea de 2024 em Petr\u00f3polis nasce no Hospital Alcides Carneiro"},"content":{"rendered":"\n<p>Poucos minutos ap\u00f3s a virada do ano, enquanto era celebrada a chegada de 2024, a dona de casa Franciele Mayworm, 20 anos, dava \u00e0 luz ao primeiro beb\u00ea do ano na cidade. Com 47 cm e pesando 3,165 kg, Alice Mayworn, primeira filha de Franciele e do marido Igor, nasceu saud\u00e1vel, \u00e0 0h32, em um parto normal, sem complica\u00e7\u00f5es.<br>Moradora do Quitandinha, Franciele disse que estava em casa quando sentiu as primeiras contra\u00e7\u00f5es e foi direto para o Hospital Alcides Carneiro com Igor, onde iniciou o trabalho de parto. &#8220;Fui muito bem atendida, foi tudo muito r\u00e1pido e muito tranquilo&#8221;, afirmou. Alice e Franciele t\u00eam previs\u00e3o de alta nesta ter\u00e7a-feira (2)<br>O prefeito Rubens Bomtempo parabenizou a fam\u00edlia e destacou a import\u00e2ncia do trabalho que vem sendo feito no HAC. &#8220;Filhos s\u00e3o b\u00ean\u00e7\u00e3os e a Alice chega para abrir da melhor forma o ano dessa fam\u00edlia e de toda a cidade. Ficamos muito felizes em poder oferecer mais uma vez um servi\u00e7o de excel\u00eancia na maternidade do HAC, onde trabalhamos muito para que a popula\u00e7\u00e3o possa contar com uma boa estrutura e um servi\u00e7o de excel\u00eancia&#8221;.<br>&#8220;Ao todo, s\u00f3 no Hospital Alcides Carneiro, s\u00e3o realizados cerca de 200 partos todos os meses, al\u00e9m dos exames do pr\u00e9-natal. Pela alta demanda e por ser refer\u00eancia na rede de sa\u00fade p\u00fablica da regi\u00e3o, o HAC precisa de toda a nossa aten\u00e7\u00e3o e carinho. Momentos como esse simbolizam muito a recupera\u00e7\u00e3o que temos promovido nestes dois anos, proporcionando conforto e seguran\u00e7a a cada paciente&#8221;, declarou o secret\u00e1rio de Sa\u00fade, Marcus Curvelo.<br>O diretor-presidente do Servi\u00e7o Social Aut\u00f4nomo Hospital Alcides Carneiro (Sehac), Ricardo Patul\u00e9a, destacou os avan\u00e7os realizados na Maternidade desde 2022. &#8220;\u00c9 de extrema import\u00e2ncia que essas fam\u00edlias possam contar com um atendimento de qualidade, mas, para isso, foi preciso melhorar muita coisa. Contratamos profissionais, organizamos os setores, reparamos estruturas f\u00edsicas e fizemos v\u00e1rias aquisi\u00e7\u00f5es, como novas camas, poltronas, enxovais, kits de higiene, TVs e redes de Wi-Fi nos leitos, visando o conforto e o bem-estar de todos que procuram o HAC&#8221;.<br>A secret\u00e1ria-Chefe de Gabinete e presidente do Conselho Municipal dos Direitos da Crian\u00e7a e do Adolescente (CMDCA), Luciane Bomtempo, enfatizou os projetos de humaniza\u00e7\u00e3o desenvolvidos no HAC. &#8220;Para cuidar das fam\u00edlias, fomos al\u00e9m da oferta de servi\u00e7os, com a\u00e7\u00f5es inovadoras de acolhimento. Hoje, as mam\u00e3es e beb\u00eas do HAC contam com o Minha Primeira Foto, Meu Primeiro Kit e o Minha Primeira Viagem, que promovem mais qualidade de vida ao abra\u00e7ar esta popula\u00e7\u00e3o&#8221;.<\/p>\n","protected":false},"excerpt":{"rendered":"<p>Poucos minutos ap\u00f3s a virada do ano, enquanto era celebrada a chegada de 2024, a<\/p>\n","protected":false},"author":1,"featured_media":37827,"comment_status":"closed","ping_status":"open","sticky":false,"template":"","format":"standard","meta":{"spay_email":"","footnotes":"","jetpack_publicize_message":""},"categories":[2],"tags":[],"jetpack_featured_media_url":"https:\/\/i2.wp.com\/jornaldeitaipava.com.br\/wp-content\/uploads\/2024\/01\/WhatsApp-Image-2024-01-01-at-17.14.27-scaled.jpeg?fit=2560%2C2560&ssl=1","jetpack_publicize_connections":[],"jetpack_sharing_enabled":true,"jetpack_likes_enabled":true,"jetpack-related-posts":[],"_links":{"self":[{"href":"https:\/\/jornaldeitaipava.com.br\/index.php\/wp-json\/wp\/v2\/posts\/37826"}],"collection":[{"href":"https:\/\/jornaldeitaipava.com.br\/index.php\/wp-json\/wp\/v2\/posts"}],"about":[{"href":"https:\/\/jornaldeitaipava.com.br\/index.php\/wp-json\/wp\/v2\/types\/post"}],"author":[{"embeddable":true,"href":"https:\/\/jornaldeitaipava.com.br\/index.php\/wp-json\/wp\/v2\/users\/1"}],"replies":[{"embeddable":true,"href":"https:\/\/jornaldeitaipava.com.br\/index.php\/wp-json\/wp\/v2\/comments?post=37826"}],"version-history":[{"count":1,"href":"https:\/\/jornaldeitaipava.com.br\/index.php\/wp-json\/wp\/v2\/posts\/37826\/revisions"}],"predecessor-version":[{"id":37828,"href":"https:\/\/jornaldeitaipava.com.br\/index.php\/wp-json\/wp\/v2\/posts\/37826\/revisions\/37828"}],"wp:featuredmedia":[{"embeddable":true,"href":"https:\/\/jornaldeitaipava.com.br\/index.php\/wp-json\/wp\/v2\/media\/37827"}],"wp:attachment":[{"href":"https:\/\/jornaldeitaipava.com.br\/index.php\/wp-json\/wp\/v2\/media?parent=37826"}],"wp:term":[{"taxonomy":"category","embeddable":true,"href":"https:\/\/jornaldeitaipava.com.br\/index.php\/wp-json\/wp\/v2\/categories?post=37826"},{"taxonomy":"post_tag","embeddable":true,"href":"https:\/\/jornaldeitaipava.com.br\/index.php\/wp-json\/wp\/v2\/tags?post=37826"}],"curies":[{"name":"wp","href":"https:\/\/api.w.org\/{rel}","templated":true}]}}