{"id":37829,"date":"2024-01-02T17:22:57","date_gmt":"2024-01-02T20:22:57","guid":{"rendered":"http:\/\/jornaldeitaipava.com.br\/?p=37829"},"modified":"2024-01-02T17:22:58","modified_gmt":"2024-01-02T20:22:58","slug":"parque-municipal-em-itaipava-ganha-area-de-recreacao-para-caes-banheiros-reformados-novo-sistema-de-drenagem-e-reflorestamento","status":"publish","type":"post","link":"https:\/\/jornaldeitaipava.com.br\/index.php\/2024\/01\/02\/parque-municipal-em-itaipava-ganha-area-de-recreacao-para-caes-banheiros-reformados-novo-sistema-de-drenagem-e-reflorestamento\/","title":{"rendered":"Parque Municipal em Itaipava ganha \u00e1rea de recrea\u00e7\u00e3o para c\u00e3es, banheiros reformados, novo sistema de drenagem e reflorestamento"},"content":{"rendered":"\n<p>Em uma \u00e1rea de mais de 30 mil metros quadrados, o Parque Municipal Prefeito Paulo Rattes, em Itaipava, \u00e9 um dos parques mais visitados na cidade. Desde o in\u00edcio deste ano, o local vem passando por revitaliza\u00e7\u00e3o. As interven\u00e7\u00f5es est\u00e3o sendo realizadas com recursos da Prefeitura e contrapartidas de medidas compensat\u00f3rias.<br>Na quinta-feira (28) foram reabertos os banheiros pr\u00f3ximos \u00e0 entrada do parque. Foram trocados os telhados, colocados novos forros e ilumina\u00e7\u00e3o de led. Toda a lou\u00e7a sanit\u00e1ria e encanamentos de \u00e1gua e esgoto foram substitu\u00eddos e o esgoto est\u00e1 sendo tratado por biodigestores. Para maior conforto dos usu\u00e1rios foram instalados sanit\u00e1rios para deficientes e trocadores de beb\u00eas, tanto na parte feminina como na masculina.<br>\u201cS\u00e3o v\u00e1rias as interven\u00e7\u00f5es que estamos realizando no parque, que nos fins de semana recebe milhares de pessoas, tanto para a pr\u00e1tica esportiva como para o lazer. J\u00e1 entregamos v\u00e1rias obras e outras est\u00e3o previstas para serem conclu\u00eddas em 2024. Estamos entregando um novo espa\u00e7o para a popula\u00e7\u00e3o\u201d, disse o prefeito Rubens Bomtempo. O banheiro pr\u00f3ximo \u00e0 \u00e1rea de picnic tamb\u00e9m j\u00e1 entrou em reforma e ser\u00e1 reaberto com o mesmo padr\u00e3o, assim como os outros banheiros do parque.<br>Al\u00e9m da reforma dos banheiros, na \u00e1rea de picnic foram plantadas mais 60 \u00e1rvores para tornar o espa\u00e7o mais sombreado e melhorar o microclima local. \u201cAtr\u00e1s da Academia da Sa\u00fade foi feito um reflorestamento que servir\u00e1 para isolar a ETE da \u00c1guas do Imperador do parque j\u00e1 que a mesma tem entrada independente e contribuir\u00e1 tamb\u00e9m com suas fun\u00e7\u00f5es ecol\u00f3gicas para tornar o local uma \u00e1rea mais sustent\u00e1vel\u201d, explicou o secret\u00e1rio de Meio Ambiente, Carlos Alberto Muniz. O Parque Municipal tamb\u00e9m ganhou uma \u00e1rea de recrea\u00e7\u00e3o para c\u00e3es, onde os pets podem brincar livremente.<br>Na parte de drenagem o antigo val\u00e3o foi alargado, aprofundado e canalizado. \u201cA obra de drenagem junto com a dragagem dos lagos, j\u00e1 iniciada, far\u00e1 com que haja menos alagamentos no parque durante os per\u00edodos chuvosos\u201d, explicou o secret\u00e1rio de Meio Ambiente.<\/p>\n\n\n\n<p><strong>Confira as interven\u00e7\u00f5es no Parque Municipal Prefeito Paulo Rattes, em Itaipava:<\/strong><\/p>\n\n\n\n<ul><li>Instala\u00e7\u00e3o de tr\u00eas biodigestores<\/li><li>Reforma dos brinquedos dos parquinhos<\/li><li>Reforma dos banheiros<\/li><li>Plantio de 60 \u00e1rvores na \u00e1rea de picnic<\/li><li>Drenagem e dragagem do lago<\/li><li>\u00c1rea de recrea\u00e7\u00e3o para c\u00e3es<\/li><li>Implanta\u00e7\u00e3o de 20 mil metros quadrados de gramas<\/li><li>Demarca\u00e7\u00e3o de caminhos para carros de servi\u00e7os<\/li><li>Instala\u00e7\u00e3o de palco coreto para apresenta\u00e7\u00f5es culturais<\/li><li>Reforma da ciclovia<\/li><\/ul>\n\n\n\n<p>Confira quais as pr\u00f3ximas interven\u00e7\u00f5es no Parque Municipal Prefeito Paulo Rattes, em Itaipava:<\/p>\n\n\n\n<ul><li>Ilumina\u00e7\u00e3o em toda a ciclovia com postes de energia solar<\/li><li>Novo viveiro para mudas<\/li><li>Reconstru\u00e7\u00e3o da pista de Pump Track (circuito de Bike Cross)<\/li><li>Reforma da pista de skate<\/li><li>Requalifica\u00e7\u00e3o das quadras esportivas<\/li><li>Instala\u00e7\u00e3o de brinquedos adaptados para crian\u00e7as deficientes<\/li><li>Novo local para a Guarda Civil Municipal<\/li><li>Sala de Exposi\u00e7\u00f5es<\/li><li>Instala\u00e7\u00e3o de placas de energia solar no telhado do p\u00f3rtico<\/li><\/ul>\n","protected":false},"excerpt":{"rendered":"<p>Em uma \u00e1rea de mais de 30 mil metros quadrados, o Parque Municipal Prefeito Paulo<\/p>\n","protected":false},"author":1,"featured_media":37830,"comment_status":"closed","ping_status":"open","sticky":false,"template":"","format":"standard","meta":{"spay_email":"","footnotes":"","jetpack_publicize_message":""},"categories":[2],"tags":[],"jetpack_featured_media_url":"https:\/\/i2.wp.com\/jornaldeitaipava.com.br\/wp-content\/uploads\/2024\/01\/WhatsApp-Image-2023-12-31-at-10.57.27.jpeg?fit=1599%2C899&ssl=1","jetpack_publicize_connections":[],"jetpack_sharing_enabled":true,"jetpack_likes_enabled":true,"jetpack-related-posts":[],"_links":{"self":[{"href":"https:\/\/jornaldeitaipava.com.br\/index.php\/wp-json\/wp\/v2\/posts\/37829"}],"collection":[{"href":"https:\/\/jornaldeitaipava.com.br\/index.php\/wp-json\/wp\/v2\/posts"}],"about":[{"href":"https:\/\/jornaldeitaipava.com.br\/index.php\/wp-json\/wp\/v2\/types\/post"}],"author":[{"embeddable":true,"href":"https:\/\/jornaldeitaipava.com.br\/index.php\/wp-json\/wp\/v2\/users\/1"}],"replies":[{"embeddable":true,"href":"https:\/\/jornaldeitaipava.com.br\/index.php\/wp-json\/wp\/v2\/comments?post=37829"}],"version-history":[{"count":1,"href":"https:\/\/jornaldeitaipava.com.br\/index.php\/wp-json\/wp\/v2\/posts\/37829\/revisions"}],"predecessor-version":[{"id":37831,"href":"https:\/\/jornaldeitaipava.com.br\/index.php\/wp-json\/wp\/v2\/posts\/37829\/revisions\/37831"}],"wp:featuredmedia":[{"embeddable":true,"href":"https:\/\/jornaldeitaipava.com.br\/index.php\/wp-json\/wp\/v2\/media\/37830"}],"wp:attachment":[{"href":"https:\/\/jornaldeitaipava.com.br\/index.php\/wp-json\/wp\/v2\/media?parent=37829"}],"wp:term":[{"taxonomy":"category","embeddable":true,"href":"https:\/\/jornaldeitaipava.com.br\/index.php\/wp-json\/wp\/v2\/categories?post=37829"},{"taxonomy":"post_tag","embeddable":true,"href":"https:\/\/jornaldeitaipava.com.br\/index.php\/wp-json\/wp\/v2\/tags?post=37829"}],"curies":[{"name":"wp","href":"https:\/\/api.w.org\/{rel}","templated":true}]}}