{"id":37832,"date":"2024-01-02T17:23:40","date_gmt":"2024-01-02T20:23:40","guid":{"rendered":"http:\/\/jornaldeitaipava.com.br\/?p=37832"},"modified":"2024-01-02T17:23:41","modified_gmt":"2024-01-02T20:23:41","slug":"abertas-as-inscricoes-para-o-vestibular-social-2024","status":"publish","type":"post","link":"https:\/\/jornaldeitaipava.com.br\/index.php\/2024\/01\/02\/abertas-as-inscricoes-para-o-vestibular-social-2024\/","title":{"rendered":"Abertas as inscri\u00e7\u00f5es para o Vestibular Social 2024"},"content":{"rendered":"\n<p>Iniciativa faz parte do conv\u00eanio entre a Prefeitura de Petr\u00f3polis e a UCP<br>Est\u00e3o abertas as inscri\u00e7\u00f5es para o Vestibular Social 2024, conv\u00eanio entre a Prefeitura de Petr\u00f3polis e a Universidade Cat\u00f3lica de Petr\u00f3polis (UCP). S\u00e3o 200 bolsas integrais destinadas a estudantes da rede p\u00fablica de ensino, al\u00e9m de alunos e alunas do Encceja e do Cefet. As inscri\u00e7\u00f5es v\u00e3o at\u00e9 o 15 de janeiro e devem ser feitas no site da UCP (https:\/\/vestibular.ucp.br\/vestibular-social\/).<br>\u201cAmpliamos as vagas do Vestibular Social tamb\u00e9m para os alunos e alunas do Encceja e do Cefet, garantindo mais oportunidades para que esses jovens possam realizar seus sonhos\u201d, disse o prefeito Rubens Bomtempo. O programa foi criado em 2004 e foi retomado no in\u00edcio do atual governo, em dezembro de 2021.<br>As 200 bolsas integrais (custeadas com recursos da Prefeitura de Petr\u00f3polis) s\u00e3o para 14 cursos ofertados pela UCP. S\u00e3o eles: Administra\u00e7\u00e3o, Arquitetura e Urbanismo, Biomedicina, Comunica\u00e7\u00e3o Social &#8211; Publicidade e Propaganda, Direito, Bacharelado em Educa\u00e7\u00e3o F\u00edsica, Engenharia Civil, Engenharia de Computa\u00e7\u00e3o, Engenharia de Produ\u00e7\u00e3o, Engenharia Mec\u00e2nica, Fisioterapia, Pedagogia e Psicologia.<br>A prova acontece no dia 21 de janeiro, \u00e0s 9h, no Campus Dom Veloso, localizado \u00e0 Rua Benjamin Constant, n\u00b0 213, no Centro da Cidade. No dia do Vestibular Social, os port\u00f5es de acesso ser\u00e3o abertos \u00e0s 07h45 e fechados \u00e0s 08h45 (hor\u00e1rio de Bras\u00edlia-DF).<\/p>\n","protected":false},"excerpt":{"rendered":"<p>Iniciativa faz parte do conv\u00eanio entre a Prefeitura de Petr\u00f3polis e a UCPEst\u00e3o abertas as<\/p>\n","protected":false},"author":1,"featured_media":20214,"comment_status":"closed","ping_status":"open","sticky":false,"template":"","format":"standard","meta":{"spay_email":"","footnotes":"","jetpack_publicize_message":""},"categories":[9],"tags":[],"jetpack_featured_media_url":"https:\/\/i0.wp.com\/jornaldeitaipava.com.br\/wp-content\/uploads\/2021\/09\/vestibular.png?fit=1000%2C667&ssl=1","jetpack_publicize_connections":[],"jetpack_sharing_enabled":true,"jetpack_likes_enabled":true,"jetpack-related-posts":[],"_links":{"self":[{"href":"https:\/\/jornaldeitaipava.com.br\/index.php\/wp-json\/wp\/v2\/posts\/37832"}],"collection":[{"href":"https:\/\/jornaldeitaipava.com.br\/index.php\/wp-json\/wp\/v2\/posts"}],"about":[{"href":"https:\/\/jornaldeitaipava.com.br\/index.php\/wp-json\/wp\/v2\/types\/post"}],"author":[{"embeddable":true,"href":"https:\/\/jornaldeitaipava.com.br\/index.php\/wp-json\/wp\/v2\/users\/1"}],"replies":[{"embeddable":true,"href":"https:\/\/jornaldeitaipava.com.br\/index.php\/wp-json\/wp\/v2\/comments?post=37832"}],"version-history":[{"count":1,"href":"https:\/\/jornaldeitaipava.com.br\/index.php\/wp-json\/wp\/v2\/posts\/37832\/revisions"}],"predecessor-version":[{"id":37833,"href":"https:\/\/jornaldeitaipava.com.br\/index.php\/wp-json\/wp\/v2\/posts\/37832\/revisions\/37833"}],"wp:featuredmedia":[{"embeddable":true,"href":"https:\/\/jornaldeitaipava.com.br\/index.php\/wp-json\/wp\/v2\/media\/20214"}],"wp:attachment":[{"href":"https:\/\/jornaldeitaipava.com.br\/index.php\/wp-json\/wp\/v2\/media?parent=37832"}],"wp:term":[{"taxonomy":"category","embeddable":true,"href":"https:\/\/jornaldeitaipava.com.br\/index.php\/wp-json\/wp\/v2\/categories?post=37832"},{"taxonomy":"post_tag","embeddable":true,"href":"https:\/\/jornaldeitaipava.com.br\/index.php\/wp-json\/wp\/v2\/tags?post=37832"}],"curies":[{"name":"wp","href":"https:\/\/api.w.org\/{rel}","templated":true}]}}