{"id":37834,"date":"2024-01-02T17:25:17","date_gmt":"2024-01-02T20:25:17","guid":{"rendered":"http:\/\/jornaldeitaipava.com.br\/?p=37834"},"modified":"2024-01-02T17:25:18","modified_gmt":"2024-01-02T20:25:18","slug":"barraqueiros-da-praca-da-liberdade-terao-desconto-de-70-no-valor-do-contrato","status":"publish","type":"post","link":"https:\/\/jornaldeitaipava.com.br\/index.php\/2024\/01\/02\/barraqueiros-da-praca-da-liberdade-terao-desconto-de-70-no-valor-do-contrato\/","title":{"rendered":"Barraqueiros da Pra\u00e7a da Liberdade ter\u00e3o desconto de 70% no valor do contrato"},"content":{"rendered":"\n<p>A Prefeitura, por meio da Secretaria de Turismo, e os barraqueiros da Pra\u00e7a da Liberdade se reuniram nesta sexta-feira (29) e chegaram a um acordo: o contrato de permiss\u00e3o de uso das barracas no Natal Imperial ter\u00e1 uma redu\u00e7\u00e3o de 70% no valor a ser pago ao munic\u00edpio.<br>Com isso, o valor contratado de R$ 8.477,20 ser\u00e1 reduzido para R$ 2.534,16.<br>Esse desconto foi concedido pelo munic\u00edpio ap\u00f3s um pedido dos barraqueiros. Eles foram prejudicados pelo fato de a empresa respons\u00e1vel pela capta\u00e7\u00e3o de recursos para a programa\u00e7\u00e3o cultural do Natal Imperial n\u00e3o ter assinado o contrato com o munic\u00edpio e, consequentemente, n\u00e3o ter realizado o servi\u00e7o. Com isso, a programa\u00e7\u00e3o cultural foi limitada, e os barraqueiros, que contavam com esses eventos, foram prejudicados.<br>Como explicado na reuni\u00e3o, a Prefeitura realizou uma licita\u00e7\u00e3o para contratar uma empresa para a capta\u00e7\u00e3o de recursos para a programa\u00e7\u00e3o cultural do Natal Imperial. E uma empresa venceu essa licita\u00e7\u00e3o. No entanto, ela n\u00e3o foi assinar o contrato. Por isso, o munic\u00edpio est\u00e1 tomando as provid\u00eancias quanto \u00e0s san\u00e7\u00f5es \u00e0 empresa previstas no ato convocat\u00f3rio da licita\u00e7\u00e3o.<br>Por conta dessa n\u00e3o execu\u00e7\u00e3o pela empresa do objeto da licita\u00e7\u00e3o, a programa\u00e7\u00e3o cultural foi parcialmente realizada na primeira e na segunda semanas de dezembro pela Prefeitura, com recursos pr\u00f3prios do munic\u00edpio.<br>\u201cFoi uma reuni\u00e3o muito respeitosa. Ouvimos o lado deles, e eles ouviram o nosso lado. Com muito di\u00e1logo, chegamos a esse acordo, para ningu\u00e9m sair prejudicado\u201d, disse a secret\u00e1ria de Turismo, S\u00edlvia Guedon.<br>Al\u00e9m da secret\u00e1ria, participaram da reuni\u00e3o os representantes dos quatro barraqueiros que atuam na Pra\u00e7a da Liberdade durante o Natal Imperial.<\/p>\n","protected":false},"excerpt":{"rendered":"<p>A Prefeitura, por meio da Secretaria de Turismo, e os barraqueiros da Pra\u00e7a da Liberdade<\/p>\n","protected":false},"author":1,"featured_media":37835,"comment_status":"closed","ping_status":"open","sticky":false,"template":"","format":"standard","meta":{"spay_email":"","footnotes":"","jetpack_publicize_message":""},"categories":[2],"tags":[],"jetpack_featured_media_url":"https:\/\/i0.wp.com\/jornaldeitaipava.com.br\/wp-content\/uploads\/2024\/01\/WhatsApp-Image-2023-12-29-at-15.13.07.jpeg?fit=1599%2C1066&ssl=1","jetpack_publicize_connections":[],"jetpack_sharing_enabled":true,"jetpack_likes_enabled":true,"jetpack-related-posts":[],"_links":{"self":[{"href":"https:\/\/jornaldeitaipava.com.br\/index.php\/wp-json\/wp\/v2\/posts\/37834"}],"collection":[{"href":"https:\/\/jornaldeitaipava.com.br\/index.php\/wp-json\/wp\/v2\/posts"}],"about":[{"href":"https:\/\/jornaldeitaipava.com.br\/index.php\/wp-json\/wp\/v2\/types\/post"}],"author":[{"embeddable":true,"href":"https:\/\/jornaldeitaipava.com.br\/index.php\/wp-json\/wp\/v2\/users\/1"}],"replies":[{"embeddable":true,"href":"https:\/\/jornaldeitaipava.com.br\/index.php\/wp-json\/wp\/v2\/comments?post=37834"}],"version-history":[{"count":1,"href":"https:\/\/jornaldeitaipava.com.br\/index.php\/wp-json\/wp\/v2\/posts\/37834\/revisions"}],"predecessor-version":[{"id":37836,"href":"https:\/\/jornaldeitaipava.com.br\/index.php\/wp-json\/wp\/v2\/posts\/37834\/revisions\/37836"}],"wp:featuredmedia":[{"embeddable":true,"href":"https:\/\/jornaldeitaipava.com.br\/index.php\/wp-json\/wp\/v2\/media\/37835"}],"wp:attachment":[{"href":"https:\/\/jornaldeitaipava.com.br\/index.php\/wp-json\/wp\/v2\/media?parent=37834"}],"wp:term":[{"taxonomy":"category","embeddable":true,"href":"https:\/\/jornaldeitaipava.com.br\/index.php\/wp-json\/wp\/v2\/categories?post=37834"},{"taxonomy":"post_tag","embeddable":true,"href":"https:\/\/jornaldeitaipava.com.br\/index.php\/wp-json\/wp\/v2\/tags?post=37834"}],"curies":[{"name":"wp","href":"https:\/\/api.w.org\/{rel}","templated":true}]}}