{"id":37837,"date":"2024-01-02T17:26:31","date_gmt":"2024-01-02T20:26:31","guid":{"rendered":"http:\/\/jornaldeitaipava.com.br\/?p=37837"},"modified":"2024-01-02T17:26:32","modified_gmt":"2024-01-02T20:26:32","slug":"cartao-imperial-agora-e-cartao-cesta-cheia-familia-feliz-e-passa-de-r-70-para-r-120","status":"publish","type":"post","link":"https:\/\/jornaldeitaipava.com.br\/index.php\/2024\/01\/02\/cartao-imperial-agora-e-cartao-cesta-cheia-familia-feliz-e-passa-de-r-70-para-r-120\/","title":{"rendered":"Cart\u00e3o Imperial\u201d agora \u00e9 \u201cCart\u00e3o Cesta Cheia, Fam\u00edlia Feliz\u201d e passa de R$ 70 para R$ 120"},"content":{"rendered":"\n<p>O prefeito Rubens Bomtempo anunciou duas mudan\u00e7as no programa municipal Cart\u00e3o Imperial. A partir de agora, o nome do programa ser\u00e1 Cart\u00e3o Cesta Cheia, Fam\u00edlia Feliz. Al\u00e9m disso, o valor do benef\u00edcio passar\u00e1 de R$ 70 para R$ 120 por m\u00eas.<br>S\u00e3o hoje 4.103 fam\u00edlias beneficiadas com o programa, pago pela Prefeitura. Esse \u00e9 o primeiro reajuste do benef\u00edcio desde 2011.<br>\u201cEstamos atendendo a um pedido dessas fam\u00edlias. \u00c9 um programa mantido pela Prefeitura e que \u00e9 muito importante para a nossa cidade. \u00c9 um benef\u00edcio para aquelas fam\u00edlias que mais precisam. E temos muito orgulho de fazer mais por essas pessoas\u201d, disse o prefeito Rubens Bomtempo.<br>O programa \u00e9 voltado para fam\u00edlias em situa\u00e7\u00e3o de inseguran\u00e7a alimentar. As fam\u00edlias s\u00e3o cadastradas pelas equipes t\u00e9cnicas das secretarias de Assist\u00eancia Social e de Sa\u00fade, que, na atua\u00e7\u00e3o nas comunidades, identificam as fam\u00edlias que est\u00e3o em situa\u00e7\u00e3o de inseguran\u00e7a alimentar.<br>\u201cEsse aumento do valor do benef\u00edcio vai aumentar a seguran\u00e7a alimentar dessas fam\u00edlias. O cart\u00e3o \u00e9 aceito em mais de 150 estabelecimentos credenciados, inclusive nos grandes supermercados. A abrang\u00eancia \u00e9 em todo o territ\u00f3rio da cidade\u201d, disse o secret\u00e1rio de Assist\u00eancia Social, Fernando Ara\u00fajo.<br>Moradora da Posse, Elisimar Gon\u00e7alves \u00e9 benefici\u00e1ria do programa desde o in\u00edcio, quando era o Cesta Cheia, Fam\u00edlia Feliz, no primeiro governo do prefeito Rubens Bomtempo. Depois disso, o programa passou a ser o Cart\u00e3o Imperial. E agora, Cart\u00e3o Cesta Cheia, Fam\u00edlia Feliz. Em todo esse tempo, Elisimar sempre precisou do benef\u00edcio.<br>\u201cEu sou uma das fam\u00edlias que t\u00eam esse cart\u00e3o. Feliz da vida, eu pego o cart\u00e3o, compro as minhas coisinhas. Ele j\u00e1 me salvou muitas vezes, quando eu n\u00e3o tinha a\u00e7\u00facar, quando eu n\u00e3o tinha arroz, quando eu n\u00e3o tinha uma mistura. Ent\u00e3o, estou at\u00e9 emocionada com esse aumento do Cart\u00e3o Imperial, porque muitas pessoas v\u00e3o ser ajudadas, beneficiadas\u201d, disse Elisimar Gon\u00e7alves.<\/p>\n","protected":false},"excerpt":{"rendered":"<p>O prefeito Rubens Bomtempo anunciou duas mudan\u00e7as no programa municipal Cart\u00e3o Imperial. A partir de<\/p>\n","protected":false},"author":1,"featured_media":35279,"comment_status":"closed","ping_status":"open","sticky":false,"template":"","format":"standard","meta":{"spay_email":"","footnotes":"","jetpack_publicize_message":""},"categories":[2],"tags":[],"jetpack_featured_media_url":"https:\/\/i1.wp.com\/jornaldeitaipava.com.br\/wp-content\/uploads\/2023\/06\/CESTA-MERCADO.png?fit=1026%2C593&ssl=1","jetpack_publicize_connections":[],"jetpack_sharing_enabled":true,"jetpack_likes_enabled":true,"jetpack-related-posts":[],"_links":{"self":[{"href":"https:\/\/jornaldeitaipava.com.br\/index.php\/wp-json\/wp\/v2\/posts\/37837"}],"collection":[{"href":"https:\/\/jornaldeitaipava.com.br\/index.php\/wp-json\/wp\/v2\/posts"}],"about":[{"href":"https:\/\/jornaldeitaipava.com.br\/index.php\/wp-json\/wp\/v2\/types\/post"}],"author":[{"embeddable":true,"href":"https:\/\/jornaldeitaipava.com.br\/index.php\/wp-json\/wp\/v2\/users\/1"}],"replies":[{"embeddable":true,"href":"https:\/\/jornaldeitaipava.com.br\/index.php\/wp-json\/wp\/v2\/comments?post=37837"}],"version-history":[{"count":1,"href":"https:\/\/jornaldeitaipava.com.br\/index.php\/wp-json\/wp\/v2\/posts\/37837\/revisions"}],"predecessor-version":[{"id":37838,"href":"https:\/\/jornaldeitaipava.com.br\/index.php\/wp-json\/wp\/v2\/posts\/37837\/revisions\/37838"}],"wp:featuredmedia":[{"embeddable":true,"href":"https:\/\/jornaldeitaipava.com.br\/index.php\/wp-json\/wp\/v2\/media\/35279"}],"wp:attachment":[{"href":"https:\/\/jornaldeitaipava.com.br\/index.php\/wp-json\/wp\/v2\/media?parent=37837"}],"wp:term":[{"taxonomy":"category","embeddable":true,"href":"https:\/\/jornaldeitaipava.com.br\/index.php\/wp-json\/wp\/v2\/categories?post=37837"},{"taxonomy":"post_tag","embeddable":true,"href":"https:\/\/jornaldeitaipava.com.br\/index.php\/wp-json\/wp\/v2\/tags?post=37837"}],"curies":[{"name":"wp","href":"https:\/\/api.w.org\/{rel}","templated":true}]}}