{"id":37839,"date":"2024-01-02T17:27:44","date_gmt":"2024-01-02T20:27:44","guid":{"rendered":"http:\/\/jornaldeitaipava.com.br\/?p=37839"},"modified":"2024-01-02T17:27:45","modified_gmt":"2024-01-02T20:27:45","slug":"ciep-municipalizado-de-cascatinha-vai-ganhar-turmas-de-educacao-infantil","status":"publish","type":"post","link":"https:\/\/jornaldeitaipava.com.br\/index.php\/2024\/01\/02\/ciep-municipalizado-de-cascatinha-vai-ganhar-turmas-de-educacao-infantil\/","title":{"rendered":"Ciep Municipalizado de Cascatinha vai ganhar turmas de Educa\u00e7\u00e3o Infantil"},"content":{"rendered":"\n<p><strong>Ser\u00e3o 180 novas vagas para crian\u00e7as de 0 a 5 anos<\/strong><\/p>\n\n\n\n<p><br>A Prefeitura de Petr\u00f3polis vai iniciar a primeira grande reforma no Ciep Municipalizado Guerra Peixe, em Cascatinha. Com um investimento de cerca de R$6 milh\u00f5es, a unidade vai ganhar turmas de Educa\u00e7\u00e3o Infantil para atender crian\u00e7as de zero a cinco anos. Al\u00e9m disso, o pr\u00e9dio vai receber acessibilidade com instala\u00e7\u00e3o de elevador e reforma completa da unidade.<br>\u201cTemos um compromisso de transformar a educa\u00e7\u00e3o p\u00fablica da nossa cidade. Melhorar as estruturas das unidades, ampliar as vagas de Educa\u00e7\u00e3o Infantil e garantir qualidade no atendimento s\u00e3o a\u00e7\u00f5es que estamos realizando na nossa rede municipal\u201d, disse o prefeito Rubens Bomtempo, lembrando que em dois anos de governo, foram mais de 600 vagas criadas na Educa\u00e7\u00e3o Infantil com a inaugura\u00e7\u00e3o de seis CEIs: no Carangola, Bonfim, Vale das Videiras, Itaipava e Alto da Serra.<br>O projeto de reforma e amplia\u00e7\u00e3o do Ciep Municipalizado Guerra Peixe prev\u00ea a adapta\u00e7\u00e3o de todas as instala\u00e7\u00f5es para implementa\u00e7\u00e3o do Centro de Educa\u00e7\u00e3o infantil. acessibilidade a todos os espa\u00e7os; interven\u00e7\u00f5es na \u00e1rea da biblioteca, na quadra de esportes, nos vesti\u00e1rios e a implementa\u00e7\u00e3o de salas de aula para atividades complementares como laborat\u00f3rio de ci\u00eancias, sala de artes, oficina de culin\u00e1ria e sala multiuso.<br>\u201cA reforma dessa unidade \u00e9 uma demanda antiga da comunidade, assim como a implanta\u00e7\u00e3o das vagas de Educa\u00e7\u00e3o Infantil. O Ciep tem um grande potencial, com uma estrutura que deve ser melhor aproveitada, n\u00e3o apenas na amplia\u00e7\u00e3o de vagas, mas tamb\u00e9m na implanta\u00e7\u00e3o de projetos pedag\u00f3gicos\u201d, disse a secret\u00e1ria de Educa\u00e7\u00e3o, Adriana de Paula. Atualmente o Ciep Municipalizado Guerra Peixe atende turmas do Ensino Fundamental I e II.<br>Para a realiza\u00e7\u00e3o da obra, a Prefeitura lan\u00e7ou essa semana o edital da licita\u00e7\u00e3o par a contrata\u00e7\u00e3o da empresa que ficar\u00e1 respons\u00e1vel pelas interven\u00e7\u00f5es. A previs\u00e3o \u00e9 que as obras tenham dura\u00e7\u00e3o de seis meses.<\/p>\n","protected":false},"excerpt":{"rendered":"<p>Ser\u00e3o 180 novas vagas para crian\u00e7as de 0 a 5 anos A Prefeitura de Petr\u00f3polis<\/p>\n","protected":false},"author":1,"featured_media":8701,"comment_status":"closed","ping_status":"open","sticky":false,"template":"","format":"standard","meta":{"spay_email":"","footnotes":"","jetpack_publicize_message":""},"categories":[2],"tags":[],"jetpack_featured_media_url":"https:\/\/i2.wp.com\/jornaldeitaipava.com.br\/wp-content\/uploads\/2021\/01\/educacao.jpg?fit=549%2C316&ssl=1","jetpack_publicize_connections":[],"jetpack_sharing_enabled":true,"jetpack_likes_enabled":true,"jetpack-related-posts":[],"_links":{"self":[{"href":"https:\/\/jornaldeitaipava.com.br\/index.php\/wp-json\/wp\/v2\/posts\/37839"}],"collection":[{"href":"https:\/\/jornaldeitaipava.com.br\/index.php\/wp-json\/wp\/v2\/posts"}],"about":[{"href":"https:\/\/jornaldeitaipava.com.br\/index.php\/wp-json\/wp\/v2\/types\/post"}],"author":[{"embeddable":true,"href":"https:\/\/jornaldeitaipava.com.br\/index.php\/wp-json\/wp\/v2\/users\/1"}],"replies":[{"embeddable":true,"href":"https:\/\/jornaldeitaipava.com.br\/index.php\/wp-json\/wp\/v2\/comments?post=37839"}],"version-history":[{"count":1,"href":"https:\/\/jornaldeitaipava.com.br\/index.php\/wp-json\/wp\/v2\/posts\/37839\/revisions"}],"predecessor-version":[{"id":37840,"href":"https:\/\/jornaldeitaipava.com.br\/index.php\/wp-json\/wp\/v2\/posts\/37839\/revisions\/37840"}],"wp:featuredmedia":[{"embeddable":true,"href":"https:\/\/jornaldeitaipava.com.br\/index.php\/wp-json\/wp\/v2\/media\/8701"}],"wp:attachment":[{"href":"https:\/\/jornaldeitaipava.com.br\/index.php\/wp-json\/wp\/v2\/media?parent=37839"}],"wp:term":[{"taxonomy":"category","embeddable":true,"href":"https:\/\/jornaldeitaipava.com.br\/index.php\/wp-json\/wp\/v2\/categories?post=37839"},{"taxonomy":"post_tag","embeddable":true,"href":"https:\/\/jornaldeitaipava.com.br\/index.php\/wp-json\/wp\/v2\/tags?post=37839"}],"curies":[{"name":"wp","href":"https:\/\/api.w.org\/{rel}","templated":true}]}}