{"id":37847,"date":"2024-01-03T17:06:13","date_gmt":"2024-01-03T20:06:13","guid":{"rendered":"http:\/\/jornaldeitaipava.com.br\/?p=37847"},"modified":"2024-01-03T17:06:15","modified_gmt":"2024-01-03T20:06:15","slug":"natal-imperial-ultimo-fim-de-semana-tem-programacao-garantida-no-palacio-de-cristal","status":"publish","type":"post","link":"https:\/\/jornaldeitaipava.com.br\/index.php\/2024\/01\/03\/natal-imperial-ultimo-fim-de-semana-tem-programacao-garantida-no-palacio-de-cristal\/","title":{"rendered":"Natal Imperial: \u00faltimo fim de semana tem programa\u00e7\u00e3o garantida no Pal\u00e1cio de Cristal"},"content":{"rendered":"\n<p><strong>O \u00faltimo fim de semana do Natal Imperial 2023 tem programa\u00e7\u00e3o <\/strong><\/p>\n\n\n\n<p>garantida no Pal\u00e1cio de Cristal. As atra\u00e7\u00f5es acontecem no s\u00e1bado (6) e domingo (7) com conta\u00e7\u00e3o de hist\u00f3rias, recrea\u00e7\u00e3o, atra\u00e7\u00e3o musical, oficinas e teatro. O Natal Imperial \u00e9 uma realiza\u00e7\u00e3o da Prefeitura de Petr\u00f3polis.<br>\u201cEstamos aguardando os turistas e moradores para este \u00faltimo fim de semana do Natal Imperial. A cidade tem ficado lotada todos esses quase 40 dias do Natal Imperial, com taxas altas de ocupa\u00e7\u00e3o hoteleira, isso mostra o potencial de Petr\u00f3polis e o quanto o munic\u00edpio \u00e9 procurado nesta \u00e9poca do ano, tanto pelas belezas e hist\u00f3ria, mas tamb\u00e9m pelo encanto das ruas decoradas e iluminadas\u201d, comentou a secret\u00e1ria de Cultura, Diana Iliescu.<br>A programa\u00e7\u00e3o deste fim de semana do Natal Imperial no Pal\u00e1cio de Cristal come\u00e7a no s\u00e1bado, \u00e0s 17h, com conta\u00e7\u00e3o de hist\u00f3rias e recrea\u00e7\u00e3o. \u00c0s 20h tem o show do cantor Gargamel. No domingo, as atividades come\u00e7am \u00e0s 10h com oficina e \u00e0s 18h tem Auto do Boi (teatro Circense Andan\u00e7a).<br>\u201cA cidade continua decorada e iluminada para encantar os turistas e moradores neste \u00faltimo fim de semana do Natal Imperial. Ficamos muito felizes em proporcionar experi\u00eancias memor\u00e1veis aos que nos visitam\u201d, disse a secret\u00e1ria de Turismo, Silvia Guedon.<\/p>\n\n\n\n<p><strong>Confira a programa\u00e7\u00e3o do Natal Imperial:<br><\/strong>Local: Pal\u00e1cio de Cristal<br>S\u00e1bado (06\/01)<br>17h &#8211; Historietas Encantadas (conta\u00e7\u00e3o de hist\u00f3rias e recrea\u00e7\u00e3o)<br>20h &#8211; Gargamel<\/p>\n\n\n\n<p>Domingo (07\/01)<br>10h &#8211; Oficina de Toy ART<br>18h &#8211; Auto do Boi &#8211; Teatro Circense Andan\u00e7a<\/p>\n","protected":false},"excerpt":{"rendered":"<p>O \u00faltimo fim de semana do Natal Imperial 2023 tem programa\u00e7\u00e3o garantida no Pal\u00e1cio de<\/p>\n","protected":false},"author":1,"featured_media":30081,"comment_status":"closed","ping_status":"open","sticky":false,"template":"","format":"standard","meta":{"spay_email":"","footnotes":"","jetpack_publicize_message":""},"categories":[42],"tags":[],"jetpack_featured_media_url":"https:\/\/i2.wp.com\/jornaldeitaipava.com.br\/wp-content\/uploads\/2022\/07\/PALACIO-DE-CRISTAL.jpg?fit=1280%2C853&ssl=1","jetpack_publicize_connections":[],"jetpack_sharing_enabled":true,"jetpack_likes_enabled":true,"jetpack-related-posts":[],"_links":{"self":[{"href":"https:\/\/jornaldeitaipava.com.br\/index.php\/wp-json\/wp\/v2\/posts\/37847"}],"collection":[{"href":"https:\/\/jornaldeitaipava.com.br\/index.php\/wp-json\/wp\/v2\/posts"}],"about":[{"href":"https:\/\/jornaldeitaipava.com.br\/index.php\/wp-json\/wp\/v2\/types\/post"}],"author":[{"embeddable":true,"href":"https:\/\/jornaldeitaipava.com.br\/index.php\/wp-json\/wp\/v2\/users\/1"}],"replies":[{"embeddable":true,"href":"https:\/\/jornaldeitaipava.com.br\/index.php\/wp-json\/wp\/v2\/comments?post=37847"}],"version-history":[{"count":1,"href":"https:\/\/jornaldeitaipava.com.br\/index.php\/wp-json\/wp\/v2\/posts\/37847\/revisions"}],"predecessor-version":[{"id":37848,"href":"https:\/\/jornaldeitaipava.com.br\/index.php\/wp-json\/wp\/v2\/posts\/37847\/revisions\/37848"}],"wp:featuredmedia":[{"embeddable":true,"href":"https:\/\/jornaldeitaipava.com.br\/index.php\/wp-json\/wp\/v2\/media\/30081"}],"wp:attachment":[{"href":"https:\/\/jornaldeitaipava.com.br\/index.php\/wp-json\/wp\/v2\/media?parent=37847"}],"wp:term":[{"taxonomy":"category","embeddable":true,"href":"https:\/\/jornaldeitaipava.com.br\/index.php\/wp-json\/wp\/v2\/categories?post=37847"},{"taxonomy":"post_tag","embeddable":true,"href":"https:\/\/jornaldeitaipava.com.br\/index.php\/wp-json\/wp\/v2\/tags?post=37847"}],"curies":[{"name":"wp","href":"https:\/\/api.w.org\/{rel}","templated":true}]}}