{"id":37849,"date":"2024-01-03T17:07:21","date_gmt":"2024-01-03T20:07:21","guid":{"rendered":"http:\/\/jornaldeitaipava.com.br\/?p=37849"},"modified":"2024-01-03T17:07:24","modified_gmt":"2024-01-03T20:07:24","slug":"ocupacao-hoteleira-no-feriado-de-ano-novo-chega-proximo-aos-90","status":"publish","type":"post","link":"https:\/\/jornaldeitaipava.com.br\/index.php\/2024\/01\/03\/ocupacao-hoteleira-no-feriado-de-ano-novo-chega-proximo-aos-90\/","title":{"rendered":"Ocupa\u00e7\u00e3o hoteleira no feriado de ano novo chega pr\u00f3ximo aos 90%"},"content":{"rendered":"\n<p>A taxa m\u00e9dia de ocupa\u00e7\u00e3o hoteleira chegou pr\u00f3ximo aos 90% durante o feriad\u00e3o de ano novo. Segundo dados coletados pelo Disque Turismo, entre 30 de dezembro de 2023 e 1\u00ba janeiro de 2024, 2\u00b0 ao 5\u00b0 distrito (Corr\u00eaas, Nogueira, Itaipava, Araras, Pedro do Rio e Posse) os dados consolidados foram de 89,28%. J\u00e1 a taxa geral no mesmo per\u00edodo em toda cidade foi de 85,79%.<br>\u201cNossa cidade re\u00fane op\u00e7\u00f5es tur\u00edsticas que agradam a diversos grupos, e com certeza, a hospitalidade e acolhimento que oferecemos por aqui \u00e9 um grande diferencial\u201d, comenta o prefeito Rubens Bomtempo.<br>Entre os segmentos dos atrativos tur\u00edsticos de Petr\u00f3polis est\u00e3o: turismo cultural, educativo, rural, de natureza e aventura, neg\u00f3cios e eventos, compras, religioso, gastron\u00f4mico, cervejeiro, esportivo e bem-estar.<br>Juliana Malik \u00e9 de S\u00e3o Paulo, e ao fazer uma busca por onde passar o R\u00e9veillon, optou pela cidade em raz\u00e3o dos atrativos hist\u00f3ricos. \u201cSenti-me muito acolhida em todos os lugares em que estive. Meus lugares preferidos foram o Museu Imperial, Pal\u00e1cio Quitandinha e a Casa do Colono\u201d, disse a professora de 48 anos.<br>\u201cFicamos muito felizes em proporcionar experi\u00eancias memor\u00e1veis aos que nos visitam, pois nosso trabalho envolve justamente a aplica\u00e7\u00e3o de estrat\u00e9gias que fortalecem o setor e aumentam a circula\u00e7\u00e3o de pessoas no munic\u00edpio\u201d, finalizou a secret\u00e1ria de Turismo, Silvia Guedon.<\/p>\n","protected":false},"excerpt":{"rendered":"<p>A taxa m\u00e9dia de ocupa\u00e7\u00e3o hoteleira chegou pr\u00f3ximo aos 90% durante o feriad\u00e3o de ano<\/p>\n","protected":false},"author":1,"featured_media":11576,"comment_status":"closed","ping_status":"open","sticky":false,"template":"","format":"standard","meta":{"spay_email":"","footnotes":"","jetpack_publicize_message":""},"categories":[42],"tags":[],"jetpack_featured_media_url":"https:\/\/i2.wp.com\/jornaldeitaipava.com.br\/wp-content\/uploads\/2021\/03\/cidade-aerea.jpg?fit=279%2C180&ssl=1","jetpack_publicize_connections":[],"jetpack_sharing_enabled":true,"jetpack_likes_enabled":true,"jetpack-related-posts":[],"_links":{"self":[{"href":"https:\/\/jornaldeitaipava.com.br\/index.php\/wp-json\/wp\/v2\/posts\/37849"}],"collection":[{"href":"https:\/\/jornaldeitaipava.com.br\/index.php\/wp-json\/wp\/v2\/posts"}],"about":[{"href":"https:\/\/jornaldeitaipava.com.br\/index.php\/wp-json\/wp\/v2\/types\/post"}],"author":[{"embeddable":true,"href":"https:\/\/jornaldeitaipava.com.br\/index.php\/wp-json\/wp\/v2\/users\/1"}],"replies":[{"embeddable":true,"href":"https:\/\/jornaldeitaipava.com.br\/index.php\/wp-json\/wp\/v2\/comments?post=37849"}],"version-history":[{"count":1,"href":"https:\/\/jornaldeitaipava.com.br\/index.php\/wp-json\/wp\/v2\/posts\/37849\/revisions"}],"predecessor-version":[{"id":37850,"href":"https:\/\/jornaldeitaipava.com.br\/index.php\/wp-json\/wp\/v2\/posts\/37849\/revisions\/37850"}],"wp:featuredmedia":[{"embeddable":true,"href":"https:\/\/jornaldeitaipava.com.br\/index.php\/wp-json\/wp\/v2\/media\/11576"}],"wp:attachment":[{"href":"https:\/\/jornaldeitaipava.com.br\/index.php\/wp-json\/wp\/v2\/media?parent=37849"}],"wp:term":[{"taxonomy":"category","embeddable":true,"href":"https:\/\/jornaldeitaipava.com.br\/index.php\/wp-json\/wp\/v2\/categories?post=37849"},{"taxonomy":"post_tag","embeddable":true,"href":"https:\/\/jornaldeitaipava.com.br\/index.php\/wp-json\/wp\/v2\/tags?post=37849"}],"curies":[{"name":"wp","href":"https:\/\/api.w.org\/{rel}","templated":true}]}}