{"id":37854,"date":"2024-01-03T17:15:00","date_gmt":"2024-01-03T20:15:00","guid":{"rendered":"http:\/\/jornaldeitaipava.com.br\/?p=37854"},"modified":"2024-01-03T17:15:04","modified_gmt":"2024-01-03T20:15:04","slug":"aguas-do-imperador-inicia-obra-de-extensao-de-rede-no-loteamento-bananeira-em-pedro-do-rio","status":"publish","type":"post","link":"https:\/\/jornaldeitaipava.com.br\/index.php\/2024\/01\/03\/aguas-do-imperador-inicia-obra-de-extensao-de-rede-no-loteamento-bananeira-em-pedro-do-rio\/","title":{"rendered":"\u00c1guas do Imperador inicia obra de extens\u00e3o de rede no Loteamento Bananeira, em Pedro do Rio"},"content":{"rendered":"\n<p>\u00c1guas do Imperador est\u00e1 ampliando o abastecimento de \u00e1gua em Petr\u00f3polis. A concession\u00e1ria iniciou, nesta quarta-feira (3), a obra de extens\u00e3o de rede no Loteamento Bananeira, em Pedro do Rio. A nova rede de abastecimento, de 2,4 km de extens\u00e3o, vai atender cerca de 800 moradores de regi\u00e3o. A previs\u00e3o \u00e9 de que a obra seja conclu\u00edda em quatro meses.<br>\u201cAssegurar o acesso \u00e0 \u00e1gua tratada \u00e9 mais do que um compromisso da \u00c1guas do Imperador, faz parte do nosso trabalho de responsabilidade social. Avan\u00e7aremos em mais esta regi\u00e3o, garantindo excel\u00eancia, tanto nas obras quanto no atendimento prestado, levando sa\u00fade, dignidade e desenvolvimento para a popula\u00e7\u00e3o\u201d, destacou o diretor da concession\u00e1ria, \u00c1guas do Imperador Jo\u00e3o Henrique Tebyri\u00e7a de S\u00e1.<br>A obra faz parte do termo aditivo firmado entre \u00c1guas do Imperador e Prefeitura de Petr\u00f3polis. Integrado ao sistema de abastecimento da Esta\u00e7\u00e3o de Tratamento de \u00c1gua (ETA) Araras, a nova rede de \u00e1gua Bananeira vai contar com duas unidades de bombeamento para levar \u00e1gua a toda comunidade.<br>\u201cEstamos dando mais um passo para garantir \u00e1gua tratada e de qualidade aos moradores. \u00c9 um momento de celebra\u00e7\u00e3o e ainda temos muito mais para conquistarmos juntos\u201d, destacou o prefeito Rubens Bomtempo.<br>Morador da comunidade h\u00e1 17 anos, o aut\u00f4nomo Idmauro M\u00e1ximo recebeu com muita alegria a not\u00edcia da nova rede de \u00e1gua.<br>\u201c\u00c9 uma grande conquista para todos n\u00f3s moradores, uma felicidade imensa. Ter \u00e1gua tratada em casa traz muitos benef\u00edcios. Al\u00e9m da sa\u00fade, vai valorizar muito o nosso bairro. Certamente \u00e9 o in\u00edcio de uma nova fase para o Bananeira\u201d, concluiu Idmauro.<br>Ainda em janeiro, \u00c1guas do Imperador dar\u00e1 in\u00edcio \u00e0 obra de expans\u00e3o do sistema de abastecimento de \u00e1gua na localidade de Duques, no Meio da Serra. Ser\u00e3o mais 2,6 km de rede e mais de 1.300 pessoas beneficiadas com \u00e1gua tratada na regi\u00e3o.<\/p>\n","protected":false},"excerpt":{"rendered":"<p>\u00c1guas do Imperador est\u00e1 ampliando o abastecimento de \u00e1gua em Petr\u00f3polis. A concession\u00e1ria iniciou, nesta<\/p>\n","protected":false},"author":1,"featured_media":37855,"comment_status":"closed","ping_status":"open","sticky":false,"template":"","format":"standard","meta":{"spay_email":"","footnotes":"","jetpack_publicize_message":""},"categories":[2],"tags":[],"jetpack_featured_media_url":"https:\/\/i0.wp.com\/jornaldeitaipava.com.br\/wp-content\/uploads\/2024\/01\/WhatsApp-Image-2024-01-03-at-17.11.18.jpeg?fit=1280%2C720&ssl=1","jetpack_publicize_connections":[],"jetpack_sharing_enabled":true,"jetpack_likes_enabled":true,"jetpack-related-posts":[],"_links":{"self":[{"href":"https:\/\/jornaldeitaipava.com.br\/index.php\/wp-json\/wp\/v2\/posts\/37854"}],"collection":[{"href":"https:\/\/jornaldeitaipava.com.br\/index.php\/wp-json\/wp\/v2\/posts"}],"about":[{"href":"https:\/\/jornaldeitaipava.com.br\/index.php\/wp-json\/wp\/v2\/types\/post"}],"author":[{"embeddable":true,"href":"https:\/\/jornaldeitaipava.com.br\/index.php\/wp-json\/wp\/v2\/users\/1"}],"replies":[{"embeddable":true,"href":"https:\/\/jornaldeitaipava.com.br\/index.php\/wp-json\/wp\/v2\/comments?post=37854"}],"version-history":[{"count":1,"href":"https:\/\/jornaldeitaipava.com.br\/index.php\/wp-json\/wp\/v2\/posts\/37854\/revisions"}],"predecessor-version":[{"id":37856,"href":"https:\/\/jornaldeitaipava.com.br\/index.php\/wp-json\/wp\/v2\/posts\/37854\/revisions\/37856"}],"wp:featuredmedia":[{"embeddable":true,"href":"https:\/\/jornaldeitaipava.com.br\/index.php\/wp-json\/wp\/v2\/media\/37855"}],"wp:attachment":[{"href":"https:\/\/jornaldeitaipava.com.br\/index.php\/wp-json\/wp\/v2\/media?parent=37854"}],"wp:term":[{"taxonomy":"category","embeddable":true,"href":"https:\/\/jornaldeitaipava.com.br\/index.php\/wp-json\/wp\/v2\/categories?post=37854"},{"taxonomy":"post_tag","embeddable":true,"href":"https:\/\/jornaldeitaipava.com.br\/index.php\/wp-json\/wp\/v2\/tags?post=37854"}],"curies":[{"name":"wp","href":"https:\/\/api.w.org\/{rel}","templated":true}]}}